{"id":6622,"date":"2024-04-09T23:54:02","date_gmt":"2024-04-09T23:54:02","guid":{"rendered":"https:\/\/zackmwekassa.org\/?p=6622"},"modified":"2024-04-11T10:06:58","modified_gmt":"2024-04-11T10:06:58","slug":"france-adopts-law-against-hair-discrimination","status":"publish","type":"post","link":"https:\/\/zackmwekassa.org\/en\/france-adopts-law-against-hair-discrimination\/","title":{"rendered":"France Adopts Law Against Hair Discrimination"},"content":{"rendered":"<p>The French Parliament recently marked a historic turning point by adopting a bill aimed at combating hair discrimination, a subject that sparked lively debates within French society. This new law, scrutinized by a public vote, saw participation from 50 deputies, with 44 votes in favor and only 2 against, highlighting broad support among legislators.<\/p>\n<div id=\"ez-toc-container\" class=\"ez-toc-v2_0_82_2 counter-hierarchy ez-toc-counter ez-toc-transparent ez-toc-container-direction\">\n<div class=\"ez-toc-title-container\">\n<p class=\"ez-toc-title\" style=\"cursor:inherit\">Table of Contents<\/p>\n<span class=\"ez-toc-title-toggle\"><a href=\"#\" class=\"ez-toc-pull-right ez-toc-btn ez-toc-btn-xs ez-toc-btn-default ez-toc-toggle\" aria-label=\"Toggle Table of Content\"><span class=\"ez-toc-js-icon-con\"><span class=\"\"><span class=\"eztoc-hide\" style=\"display:none;\">Toggle<\/span><span class=\"ez-toc-icon-toggle-span\"><svg style=\"fill: #dd3333;color:#dd3333\" xmlns=\"http:\/\/www.w3.org\/2000\/svg\" class=\"list-377408\" width=\"20px\" height=\"20px\" viewBox=\"0 0 24 24\" fill=\"none\"><path d=\"M6 6H4v2h2V6zm14 0H8v2h12V6zM4 11h2v2H4v-2zm16 0H8v2h12v-2zM4 16h2v2H4v-2zm16 0H8v2h12v-2z\" fill=\"currentColor\"><\/path><\/svg><svg style=\"fill: #dd3333;color:#dd3333\" class=\"arrow-unsorted-368013\" xmlns=\"http:\/\/www.w3.org\/2000\/svg\" width=\"10px\" height=\"10px\" viewBox=\"0 0 24 24\" version=\"1.2\" baseProfile=\"tiny\"><path d=\"M18.2 9.3l-6.2-6.3-6.2 6.3c-.2.2-.3.4-.3.7s.1.5.3.7c.2.2.4.3.7.3h11c.3 0 .5-.1.7-.3.2-.2.3-.5.3-.7s-.1-.5-.3-.7zM5.8 14.7l6.2 6.3 6.2-6.3c.2-.2.3-.5.3-.7s-.1-.5-.3-.7c-.2-.2-.4-.3-.7-.3h-11c-.3 0-.5.1-.7.3-.2.2-.3.5-.3.7s.1.5.3.7z\"\/><\/svg><\/span><\/span><\/span><\/a><\/span><\/div>\n<nav><ul class='ez-toc-list ez-toc-list-level-1 eztoc-toggle-hide-by-default' ><li class='ez-toc-page-1 ez-toc-heading-level-2'><a class=\"ez-toc-link ez-toc-heading-1\" href=\"https:\/\/zackmwekassa.org\/en\/france-adopts-law-against-hair-discrimination\/#Combatting_Hair_Discrimination_A_Societal_Issue\" >Combatting Hair Discrimination: A Societal Issue<\/a><\/li><li class='ez-toc-page-1 ez-toc-heading-level-2'><a class=\"ez-toc-link ez-toc-heading-2\" href=\"https:\/\/zackmwekassa.org\/en\/france-adopts-law-against-hair-discrimination\/#A_Broader_Perspective_on_Physical_Discrimination\" >A Broader Perspective on Physical Discrimination<\/a><\/li><li class='ez-toc-page-1 ez-toc-heading-level-2'><a class=\"ez-toc-link ez-toc-heading-3\" href=\"https:\/\/zackmwekassa.org\/en\/france-adopts-law-against-hair-discrimination\/#Adoption_of_the_Bill_A_Step_Forward\" >Adoption of the Bill: A Step Forward<\/a><\/li><li class='ez-toc-page-1 ez-toc-heading-level-2'><a class=\"ez-toc-link ez-toc-heading-4\" href=\"https:\/\/zackmwekassa.org\/en\/france-adopts-law-against-hair-discrimination\/#Societal_Context_and_Diverse_Reactions\" >Societal Context and Diverse Reactions<\/a><\/li><li class='ez-toc-page-1 ez-toc-heading-level-2'><a class=\"ez-toc-link ez-toc-heading-5\" href=\"https:\/\/zackmwekassa.org\/en\/france-adopts-law-against-hair-discrimination\/#Voices_Emerge_to_Refine_the_Debate\" >Voices Emerge to Refine the Debate<\/a><\/li><li class='ez-toc-page-1 ez-toc-heading-level-2'><a class=\"ez-toc-link ez-toc-heading-6\" href=\"https:\/\/zackmwekassa.org\/en\/france-adopts-law-against-hair-discrimination\/#Future_Perspectives_and_Challenges\" >Future Perspectives and Challenges<\/a><\/li><li class='ez-toc-page-1 ez-toc-heading-level-2'><a class=\"ez-toc-link ez-toc-heading-7\" href=\"https:\/\/zackmwekassa.org\/en\/france-adopts-law-against-hair-discrimination\/#Totally_inspired_by_Zack_Mwekassas_video\" >Totally inspired by Zack Mwekassa&#8217;s video<\/a><\/li><\/ul><\/nav><\/div>\n<h2><span class=\"ez-toc-section\" id=\"Combatting_Hair_Discrimination_A_Societal_Issue\"><\/span><strong>Combatting Hair Discrimination: A Societal Issue<\/strong><span class=\"ez-toc-section-end\"><\/span><\/h2>\n<figure style=\"width: 680px\" class=\"wp-caption alignnone\"><img loading=\"lazy\" decoding=\"async\" src=\"https:\/\/media.licdn.com\/dms\/image\/D561AAQEqHYcuaJg2bQ\/storylineheaderimage-shrink_400_400\/0\/1711545146071?e=2147483647&amp;v=beta&amp;t=bk7X1YlfDhWldL9CREyePe2BfEnjZhZ15l1fVnQVYec\" alt=\"\" width=\"680\" height=\"464\" \/><figcaption class=\"wp-caption-text\">France: A Law Against Hair Discrimination<\/figcaption><\/figure>\n<p>France thus positions itself at the forefront of the fight against aesthetic discriminations, particularly those affecting black women. These women, often facing prejudice related to their natural hair, sometimes feel compelled to alter their appearance to fit into the labor market. The French initiative echoes similar issues observed in other countries like the United States and the United Kingdom, where statistics show that two-thirds of black women alter their hairstyle to appear more employable to their employers.<\/p>\n<h2><span class=\"ez-toc-section\" id=\"A_Broader_Perspective_on_Physical_Discrimination\"><\/span><strong>A Broader Perspective on Physical Discrimination<\/strong><span class=\"ez-toc-section-end\"><\/span><\/h2>\n<p>The debate on hair discrimination in France goes beyond hair texture and color. It sheds light on a broader dimension of physical discrimination at work, considering cases where individuals change their hair appearance to meet conventional beauty standards, sometimes perceived as more acceptable or professional.<\/p>\n<blockquote class=\" quote-light \"><p><em><strong>Read More:\u00a0<a href=\"https:\/\/zackmwekassa.org\/en\/africa-standing-up-to-stereotypes-and-prejudice\/\">Africa: Standing up to stereotypes and prejudice<\/a><\/strong><\/em><\/p><\/blockquote>\n<h2><span class=\"ez-toc-section\" id=\"Adoption_of_the_Bill_A_Step_Forward\"><\/span><strong>Adoption of the Bill: A Step Forward<\/strong><span class=\"ez-toc-section-end\"><\/span><\/h2>\n<figure style=\"width: 694px\" class=\"wp-caption aligncenter\"><img loading=\"lazy\" decoding=\"async\" src=\"https:\/\/resize.marianne.net\/r\/770,462\/img\/var\/ceUJu2JEER\/asNb019N2chaBw0rv\/asNb019N2chaBw0rv.jpg\" alt=\"\" width=\"694\" height=\"462\" \/><figcaption class=\"wp-caption-text\">Olivier Serva: The Promoter of This New Law<\/figcaption><\/figure>\n<p>Championed by Olivier Serva, a deputy from Guadeloupe, the bill adopted by the French National Assembly prohibits discrimination in the workplace based on hair texture. This legislative text aims to protect not only black women but also men with hairstyles such as dreadlocks. However, while the bill has passed a crucial stage, its future in the Senate remains uncertain, facing a more conservative majority.<\/p>\n<h2><span class=\"ez-toc-section\" id=\"Societal_Context_and_Diverse_Reactions\"><\/span><strong>Societal Context and Diverse Reactions<\/strong><span class=\"ez-toc-section-end\"><\/span><\/h2>\n<p>The legislation falls within a broader context of recognizing and protecting individual rights in France. Recently, the country also took the lead in incorporating the right to abortion into its constitution, reflecting a societal evolution towards greater equality and legal protection. However, this progress is not without controversy, with some critics arguing that these measures might encourage irresponsible or negligent behaviors.<\/p>\n<blockquote class=\" quote-light \"><p><em><strong>Read More:\u00a0<a href=\"https:\/\/zackmwekassa.org\/en\/france-in-shock-the-nahel-affair-symbol-of-rampant-racism\/\">France in shock: The Nahel affair, symbol of rampant racism<\/a><\/strong><\/em><\/p><\/blockquote>\n<h2><span class=\"ez-toc-section\" id=\"Voices_Emerge_to_Refine_the_Debate\"><\/span><strong>Voices Emerge to Refine the Debate<\/strong><span class=\"ez-toc-section-end\"><\/span><\/h2>\n<p>In the public debate, some question the real scope of the law against hair discrimination, fearing it might promote a form of complacency towards negligent attitudes related to personal appearance. In other words, this law would encourage people to keep their hair dirty. Others emphasize the need to distinguish between actual discrimination and behaviors that pertain to common sense and personal cleanliness respect.<\/p>\n<h2><span class=\"ez-toc-section\" id=\"Future_Perspectives_and_Challenges\"><\/span><strong>Future Perspectives and Challenges<\/strong><span class=\"ez-toc-section-end\"><\/span><\/h2>\n<p>The discussion around this law reveals deeper issues, touching on identity, social integration, and diversity. It underscores the importance of creating fair opportunities for everyone, addressing not only aesthetic prejudices but also economic and social disparities. France, with its rich diversity, is called to continue reflecting on how to foster inclusion and mutual respect in an increasingly multicultural society.<\/p>\n<h2><span class=\"ez-toc-section\" id=\"Totally_inspired_by_Zack_Mwekassas_video\"><\/span>Totally inspired by Zack Mwekassa&#8217;s video<span class=\"ez-toc-section-end\"><\/span><\/h2>\n<p><iframe loading=\"lazy\" title=\"FRANCE : NOUVELLE LOI SUR LES CHEVEUX DES NO.IRS\" width=\"500\" height=\"281\" src=\"https:\/\/www.youtube.com\/embed\/CtNXzqzYp6w?feature=oembed\" frameborder=\"0\" allow=\"accelerometer; autoplay; clipboard-write; encrypted-media; gyroscope; picture-in-picture; web-share\" referrerpolicy=\"strict-origin-when-cross-origin\" allowfullscreen><\/iframe><\/p>\n","protected":false},"excerpt":{"rendered":"<p>The French Parliament recently marked a historic turning point by adopting a bill aimed at combating hair discrimination, a subject that sparked lively debates within French society.<\/p>\n","protected":false},"author":2,"featured_media":6620,"comment_status":"open","ping_status":"open","sticky":false,"template":"","format":"standard","meta":{"_jetpack_memberships_contains_paid_content":false,"footnotes":""},"categories":[2145,1863],"tags":[2197,2201,2199,2198,2196,2200,1573,2202],"class_list":["post-6622","post","type-post","status-publish","format-standard","has-post-thumbnail","hentry","category-politic","category-racism","tag-black-women","tag-dreadlocks-en","tag-equality","tag-french-parliament","tag-hair-discrimination","tag-hair-texture","tag-human-rights","tag-legislation-en"],"yoast_head":"<!-- This site is optimized with the Yoast SEO Premium plugin v23.7 (Yoast SEO v27.5) - https:\/\/yoast.com\/product\/yoast-seo-premium-wordpress\/ -->\n<title>France Adopts Law Against Hair Discrimination - Zack Mwekassa<\/title>\n<meta name=\"description\" content=\"The French Parliament recently marked a historic turning point by adopting a bill aimed at combating hair discrimination, a subject that sparked lively debates within French society.\" \/>\n<meta name=\"robots\" content=\"index, follow, max-snippet:-1, max-image-preview:large, max-video-preview:-1\" \/>\n<link rel=\"canonical\" href=\"https:\/\/zackmwekassa.org\/en\/france-adopts-law-against-hair-discrimination\/\" \/>\n<meta property=\"og:locale\" content=\"en_US\" \/>\n<meta property=\"og:type\" content=\"article\" \/>\n<meta property=\"og:title\" content=\"France Adopts Law Against Hair Discrimination\" \/>\n<meta property=\"og:description\" content=\"The French Parliament recently marked a historic turning point by adopting a bill aimed at combating hair discrimination, a subject that sparked lively debates within French society.\" \/>\n<meta property=\"og:url\" content=\"https:\/\/zackmwekassa.org\/en\/france-adopts-law-against-hair-discrimination\/\" \/>\n<meta property=\"og:site_name\" content=\"Zack Mwekassa\" \/>\n<meta property=\"article:author\" content=\"https:\/\/www.facebook.com\/zackmwekassa0\" \/>\n<meta property=\"article:published_time\" content=\"2024-04-09T23:54:02+00:00\" \/>\n<meta property=\"article:modified_time\" content=\"2024-04-11T10:06:58+00:00\" \/>\n<meta property=\"og:image\" content=\"https:\/\/zackmwekassa.org\/wp-content\/uploads\/2024\/04\/loi.jpg\" \/>\n\t<meta property=\"og:image:width\" content=\"1280\" \/>\n\t<meta property=\"og:image:height\" content=\"720\" \/>\n\t<meta property=\"og:image:type\" content=\"image\/jpeg\" \/>\n<meta name=\"author\" content=\"Reports\" \/>\n<meta name=\"twitter:card\" content=\"summary_large_image\" \/>\n<meta name=\"twitter:description\" content=\"The French Parliament recently marked a historic turning point by adopting a bill aimed at combating hair discrimination, a subject that sparked lively debates within French society.\" \/>\n<meta name=\"twitter:creator\" content=\"@https:\/\/www.twitter.com\/zackmwekassa0\" \/>\n<meta name=\"twitter:label1\" content=\"Written by\" \/>\n\t<meta name=\"twitter:data1\" content=\"Reports\" \/>\n\t<meta name=\"twitter:label2\" content=\"Est. reading time\" \/>\n\t<meta name=\"twitter:data2\" content=\"4 minutes\" \/>\n<script type=\"application\/ld+json\" class=\"yoast-schema-graph\">{\"@context\":\"https:\\\/\\\/schema.org\",\"@graph\":[{\"@type\":\"Article\",\"@id\":\"https:\\\/\\\/zackmwekassa.org\\\/en\\\/france-adopts-law-against-hair-discrimination\\\/#article\",\"isPartOf\":{\"@id\":\"https:\\\/\\\/zackmwekassa.org\\\/en\\\/france-adopts-law-against-hair-discrimination\\\/\"},\"author\":{\"name\":\"Reports\",\"@id\":\"https:\\\/\\\/zackmwekassa.org\\\/#\\\/schema\\\/person\\\/16020c21d5718ee21c6580fe71b5ad9f\"},\"headline\":\"France Adopts Law Against Hair Discrimination\",\"datePublished\":\"2024-04-09T23:54:02+00:00\",\"dateModified\":\"2024-04-11T10:06:58+00:00\",\"mainEntityOfPage\":{\"@id\":\"https:\\\/\\\/zackmwekassa.org\\\/en\\\/france-adopts-law-against-hair-discrimination\\\/\"},\"wordCount\":522,\"commentCount\":0,\"publisher\":{\"@id\":\"https:\\\/\\\/zackmwekassa.org\\\/#organization\"},\"image\":{\"@id\":\"https:\\\/\\\/zackmwekassa.org\\\/en\\\/france-adopts-law-against-hair-discrimination\\\/#primaryimage\"},\"thumbnailUrl\":\"https:\\\/\\\/zackmwekassa.org\\\/wp-content\\\/uploads\\\/2024\\\/04\\\/loi.jpg\",\"keywords\":[\"black women\",\"dreadlocks\",\"equality\",\"French Parliament\",\"hair discrimination\",\"hair texture\",\"Human rights\",\"l\u00e9gislation\"],\"articleSection\":[\"Politic\",\"racism\"],\"inLanguage\":\"en-US\",\"potentialAction\":[{\"@type\":\"CommentAction\",\"name\":\"Comment\",\"target\":[\"https:\\\/\\\/zackmwekassa.org\\\/en\\\/france-adopts-law-against-hair-discrimination\\\/#respond\"]}]},{\"@type\":\"WebPage\",\"@id\":\"https:\\\/\\\/zackmwekassa.org\\\/en\\\/france-adopts-law-against-hair-discrimination\\\/\",\"url\":\"https:\\\/\\\/zackmwekassa.org\\\/en\\\/france-adopts-law-against-hair-discrimination\\\/\",\"name\":\"France Adopts Law Against Hair Discrimination - Zack Mwekassa\",\"isPartOf\":{\"@id\":\"https:\\\/\\\/zackmwekassa.org\\\/#website\"},\"primaryImageOfPage\":{\"@id\":\"https:\\\/\\\/zackmwekassa.org\\\/en\\\/france-adopts-law-against-hair-discrimination\\\/#primaryimage\"},\"image\":{\"@id\":\"https:\\\/\\\/zackmwekassa.org\\\/en\\\/france-adopts-law-against-hair-discrimination\\\/#primaryimage\"},\"thumbnailUrl\":\"https:\\\/\\\/zackmwekassa.org\\\/wp-content\\\/uploads\\\/2024\\\/04\\\/loi.jpg\",\"datePublished\":\"2024-04-09T23:54:02+00:00\",\"dateModified\":\"2024-04-11T10:06:58+00:00\",\"description\":\"The French Parliament recently marked a historic turning point by adopting a bill aimed at combating hair discrimination, a subject that sparked lively debates within French society.\",\"breadcrumb\":{\"@id\":\"https:\\\/\\\/zackmwekassa.org\\\/en\\\/france-adopts-law-against-hair-discrimination\\\/#breadcrumb\"},\"inLanguage\":\"en-US\",\"potentialAction\":[{\"@type\":\"ReadAction\",\"target\":[\"https:\\\/\\\/zackmwekassa.org\\\/en\\\/france-adopts-law-against-hair-discrimination\\\/\"]}]},{\"@type\":\"ImageObject\",\"inLanguage\":\"en-US\",\"@id\":\"https:\\\/\\\/zackmwekassa.org\\\/en\\\/france-adopts-law-against-hair-discrimination\\\/#primaryimage\",\"url\":\"https:\\\/\\\/zackmwekassa.org\\\/wp-content\\\/uploads\\\/2024\\\/04\\\/loi.jpg\",\"contentUrl\":\"https:\\\/\\\/zackmwekassa.org\\\/wp-content\\\/uploads\\\/2024\\\/04\\\/loi.jpg\",\"width\":1280,\"height\":720,\"caption\":\"A Step Towards Equality: The Fight Against Discrimination Based on Hair Texture and Style\"},{\"@type\":\"BreadcrumbList\",\"@id\":\"https:\\\/\\\/zackmwekassa.org\\\/en\\\/france-adopts-law-against-hair-discrimination\\\/#breadcrumb\",\"itemListElement\":[{\"@type\":\"ListItem\",\"position\":1,\"name\":\"Accueil\",\"item\":\"https:\\\/\\\/zackmwekassa.org\\\/en\\\/\"},{\"@type\":\"ListItem\",\"position\":2,\"name\":\"France Adopts Law Against Hair Discrimination\"}]},{\"@type\":\"WebSite\",\"@id\":\"https:\\\/\\\/zackmwekassa.org\\\/#website\",\"url\":\"https:\\\/\\\/zackmwekassa.org\\\/\",\"name\":\"Zack Mwekassa\",\"description\":\"Le guerrier noir, votre fr\u00e8re !\",\"publisher\":{\"@id\":\"https:\\\/\\\/zackmwekassa.org\\\/#organization\"},\"potentialAction\":[{\"@type\":\"SearchAction\",\"target\":{\"@type\":\"EntryPoint\",\"urlTemplate\":\"https:\\\/\\\/zackmwekassa.org\\\/?s={search_term_string}\"},\"query-input\":{\"@type\":\"PropertyValueSpecification\",\"valueRequired\":true,\"valueName\":\"search_term_string\"}}],\"inLanguage\":\"en-US\"},{\"@type\":[\"Organization\",\"Place\"],\"@id\":\"https:\\\/\\\/zackmwekassa.org\\\/#organization\",\"name\":\"Zack Mwekassa\",\"url\":\"https:\\\/\\\/zackmwekassa.org\\\/\",\"logo\":{\"@id\":\"https:\\\/\\\/zackmwekassa.org\\\/en\\\/france-adopts-law-against-hair-discrimination\\\/#local-main-organization-logo\"},\"image\":{\"@id\":\"https:\\\/\\\/zackmwekassa.org\\\/en\\\/france-adopts-law-against-hair-discrimination\\\/#local-main-organization-logo\"},\"telephone\":[],\"openingHoursSpecification\":[{\"@type\":\"OpeningHoursSpecification\",\"dayOfWeek\":[\"Monday\",\"Tuesday\",\"Wednesday\",\"Thursday\",\"Friday\",\"Saturday\",\"Sunday\"],\"opens\":\"09:00\",\"closes\":\"17:00\"}]},{\"@type\":\"Person\",\"@id\":\"https:\\\/\\\/zackmwekassa.org\\\/#\\\/schema\\\/person\\\/16020c21d5718ee21c6580fe71b5ad9f\",\"name\":\"Reports\",\"image\":{\"@type\":\"ImageObject\",\"inLanguage\":\"en-US\",\"@id\":\"https:\\\/\\\/secure.gravatar.com\\\/avatar\\\/9ffa1dfb2a3e36f2dee2ea1639176308c4cfdfe65f9422051ff3e19478b65d54?s=96&d=mm&r=g\",\"url\":\"https:\\\/\\\/secure.gravatar.com\\\/avatar\\\/9ffa1dfb2a3e36f2dee2ea1639176308c4cfdfe65f9422051ff3e19478b65d54?s=96&d=mm&r=g\",\"contentUrl\":\"https:\\\/\\\/secure.gravatar.com\\\/avatar\\\/9ffa1dfb2a3e36f2dee2ea1639176308c4cfdfe65f9422051ff3e19478b65d54?s=96&d=mm&r=g\",\"caption\":\"Reports\"},\"description\":\"D\u00e9couvrez le passionnant monde des articles pr\u00e9sent\u00e9s par Zack Mwekassa, une figure embl\u00e9matique de la boxe et du kickboxing ! Plongez-vous dans un univers captivant o\u00f9 chaque texte est une fen\u00eatre ouverte sur des sujets vari\u00e9s, allant de la g\u00e9opolitique africaine aux questions de vie et de soci\u00e9t\u00e9.\",\"sameAs\":[\"https:\\\/\\\/www.facebook.com\\\/zackmwekassa0\",\"https:\\\/\\\/www.instagram.com\\\/zackmwekassa0\",\"https:\\\/\\\/x.com\\\/https:\\\/\\\/www.twitter.com\\\/zackmwekassa0\",\"https:\\\/\\\/www.youtube.com\\\/@zackmwekassamotivation4525\",\"https:\\\/\\\/en.wikipedia.org\\\/wiki\\\/Zack_Mwekassa\"],\"gender\":\"homme\",\"award\":[\"Champion Kick Boxing\"],\"knowsAbout\":[\"Investissement\"],\"knowsLanguage\":[\"Fran\u00e7ais\",\"Anglais\",\"Congo\"],\"url\":\"https:\\\/\\\/zackmwekassa.org\\\/en\\\/author\\\/reports\\\/\"},{\"@type\":\"ImageObject\",\"inLanguage\":\"en-US\",\"@id\":\"https:\\\/\\\/zackmwekassa.org\\\/en\\\/france-adopts-law-against-hair-discrimination\\\/#local-main-organization-logo\",\"url\":\"https:\\\/\\\/zackmwekassa.org\\\/wp-content\\\/uploads\\\/2023\\\/06\\\/cropped-zack-mwekassa-icon.png\",\"contentUrl\":\"https:\\\/\\\/zackmwekassa.org\\\/wp-content\\\/uploads\\\/2023\\\/06\\\/cropped-zack-mwekassa-icon.png\",\"width\":1920,\"height\":652,\"caption\":\"Zack Mwekassa\"}]}<\/script>\n<!-- \/ Yoast SEO Premium plugin. -->","yoast_head_json":{"title":"France Adopts Law Against Hair Discrimination - Zack Mwekassa","description":"The French Parliament recently marked a historic turning point by adopting a bill aimed at combating hair discrimination, a subject that sparked lively debates within French society.","robots":{"index":"index","follow":"follow","max-snippet":"max-snippet:-1","max-image-preview":"max-image-preview:large","max-video-preview":"max-video-preview:-1"},"canonical":"https:\/\/zackmwekassa.org\/en\/france-adopts-law-against-hair-discrimination\/","og_locale":"en_US","og_type":"article","og_title":"France Adopts Law Against Hair Discrimination","og_description":"The French Parliament recently marked a historic turning point by adopting a bill aimed at combating hair discrimination, a subject that sparked lively debates within French society.","og_url":"https:\/\/zackmwekassa.org\/en\/france-adopts-law-against-hair-discrimination\/","og_site_name":"Zack Mwekassa","article_author":"https:\/\/www.facebook.com\/zackmwekassa0","article_published_time":"2024-04-09T23:54:02+00:00","article_modified_time":"2024-04-11T10:06:58+00:00","og_image":[{"width":1280,"height":720,"url":"https:\/\/zackmwekassa.org\/wp-content\/uploads\/2024\/04\/loi.jpg","type":"image\/jpeg"}],"author":"Reports","twitter_card":"summary_large_image","twitter_description":"The French Parliament recently marked a historic turning point by adopting a bill aimed at combating hair discrimination, a subject that sparked lively debates within French society.","twitter_creator":"@https:\/\/www.twitter.com\/zackmwekassa0","twitter_misc":{"Written by":"Reports","Est. reading time":"4 minutes"},"schema":{"@context":"https:\/\/schema.org","@graph":[{"@type":"Article","@id":"https:\/\/zackmwekassa.org\/en\/france-adopts-law-against-hair-discrimination\/#article","isPartOf":{"@id":"https:\/\/zackmwekassa.org\/en\/france-adopts-law-against-hair-discrimination\/"},"author":{"name":"Reports","@id":"https:\/\/zackmwekassa.org\/#\/schema\/person\/16020c21d5718ee21c6580fe71b5ad9f"},"headline":"France Adopts Law Against Hair Discrimination","datePublished":"2024-04-09T23:54:02+00:00","dateModified":"2024-04-11T10:06:58+00:00","mainEntityOfPage":{"@id":"https:\/\/zackmwekassa.org\/en\/france-adopts-law-against-hair-discrimination\/"},"wordCount":522,"commentCount":0,"publisher":{"@id":"https:\/\/zackmwekassa.org\/#organization"},"image":{"@id":"https:\/\/zackmwekassa.org\/en\/france-adopts-law-against-hair-discrimination\/#primaryimage"},"thumbnailUrl":"https:\/\/zackmwekassa.org\/wp-content\/uploads\/2024\/04\/loi.jpg","keywords":["black women","dreadlocks","equality","French Parliament","hair discrimination","hair texture","Human rights","l\u00e9gislation"],"articleSection":["Politic","racism"],"inLanguage":"en-US","potentialAction":[{"@type":"CommentAction","name":"Comment","target":["https:\/\/zackmwekassa.org\/en\/france-adopts-law-against-hair-discrimination\/#respond"]}]},{"@type":"WebPage","@id":"https:\/\/zackmwekassa.org\/en\/france-adopts-law-against-hair-discrimination\/","url":"https:\/\/zackmwekassa.org\/en\/france-adopts-law-against-hair-discrimination\/","name":"France Adopts Law Against Hair Discrimination - Zack Mwekassa","isPartOf":{"@id":"https:\/\/zackmwekassa.org\/#website"},"primaryImageOfPage":{"@id":"https:\/\/zackmwekassa.org\/en\/france-adopts-law-against-hair-discrimination\/#primaryimage"},"image":{"@id":"https:\/\/zackmwekassa.org\/en\/france-adopts-law-against-hair-discrimination\/#primaryimage"},"thumbnailUrl":"https:\/\/zackmwekassa.org\/wp-content\/uploads\/2024\/04\/loi.jpg","datePublished":"2024-04-09T23:54:02+00:00","dateModified":"2024-04-11T10:06:58+00:00","description":"The French Parliament recently marked a historic turning point by adopting a bill aimed at combating hair discrimination, a subject that sparked lively debates within French society.","breadcrumb":{"@id":"https:\/\/zackmwekassa.org\/en\/france-adopts-law-against-hair-discrimination\/#breadcrumb"},"inLanguage":"en-US","potentialAction":[{"@type":"ReadAction","target":["https:\/\/zackmwekassa.org\/en\/france-adopts-law-against-hair-discrimination\/"]}]},{"@type":"ImageObject","inLanguage":"en-US","@id":"https:\/\/zackmwekassa.org\/en\/france-adopts-law-against-hair-discrimination\/#primaryimage","url":"https:\/\/zackmwekassa.org\/wp-content\/uploads\/2024\/04\/loi.jpg","contentUrl":"https:\/\/zackmwekassa.org\/wp-content\/uploads\/2024\/04\/loi.jpg","width":1280,"height":720,"caption":"A Step Towards Equality: The Fight Against Discrimination Based on Hair Texture and Style"},{"@type":"BreadcrumbList","@id":"https:\/\/zackmwekassa.org\/en\/france-adopts-law-against-hair-discrimination\/#breadcrumb","itemListElement":[{"@type":"ListItem","position":1,"name":"Accueil","item":"https:\/\/zackmwekassa.org\/en\/"},{"@type":"ListItem","position":2,"name":"France Adopts Law Against Hair Discrimination"}]},{"@type":"WebSite","@id":"https:\/\/zackmwekassa.org\/#website","url":"https:\/\/zackmwekassa.org\/","name":"Zack Mwekassa","description":"Le guerrier noir, votre fr\u00e8re !","publisher":{"@id":"https:\/\/zackmwekassa.org\/#organization"},"potentialAction":[{"@type":"SearchAction","target":{"@type":"EntryPoint","urlTemplate":"https:\/\/zackmwekassa.org\/?s={search_term_string}"},"query-input":{"@type":"PropertyValueSpecification","valueRequired":true,"valueName":"search_term_string"}}],"inLanguage":"en-US"},{"@type":["Organization","Place"],"@id":"https:\/\/zackmwekassa.org\/#organization","name":"Zack Mwekassa","url":"https:\/\/zackmwekassa.org\/","logo":{"@id":"https:\/\/zackmwekassa.org\/en\/france-adopts-law-against-hair-discrimination\/#local-main-organization-logo"},"image":{"@id":"https:\/\/zackmwekassa.org\/en\/france-adopts-law-against-hair-discrimination\/#local-main-organization-logo"},"telephone":[],"openingHoursSpecification":[{"@type":"OpeningHoursSpecification","dayOfWeek":["Monday","Tuesday","Wednesday","Thursday","Friday","Saturday","Sunday"],"opens":"09:00","closes":"17:00"}]},{"@type":"Person","@id":"https:\/\/zackmwekassa.org\/#\/schema\/person\/16020c21d5718ee21c6580fe71b5ad9f","name":"Reports","image":{"@type":"ImageObject","inLanguage":"en-US","@id":"https:\/\/secure.gravatar.com\/avatar\/9ffa1dfb2a3e36f2dee2ea1639176308c4cfdfe65f9422051ff3e19478b65d54?s=96&d=mm&r=g","url":"https:\/\/secure.gravatar.com\/avatar\/9ffa1dfb2a3e36f2dee2ea1639176308c4cfdfe65f9422051ff3e19478b65d54?s=96&d=mm&r=g","contentUrl":"https:\/\/secure.gravatar.com\/avatar\/9ffa1dfb2a3e36f2dee2ea1639176308c4cfdfe65f9422051ff3e19478b65d54?s=96&d=mm&r=g","caption":"Reports"},"description":"D\u00e9couvrez le passionnant monde des articles pr\u00e9sent\u00e9s par Zack Mwekassa, une figure embl\u00e9matique de la boxe et du kickboxing ! Plongez-vous dans un univers captivant o\u00f9 chaque texte est une fen\u00eatre ouverte sur des sujets vari\u00e9s, allant de la g\u00e9opolitique africaine aux questions de vie et de soci\u00e9t\u00e9.","sameAs":["https:\/\/www.facebook.com\/zackmwekassa0","https:\/\/www.instagram.com\/zackmwekassa0","https:\/\/x.com\/https:\/\/www.twitter.com\/zackmwekassa0","https:\/\/www.youtube.com\/@zackmwekassamotivation4525","https:\/\/en.wikipedia.org\/wiki\/Zack_Mwekassa"],"gender":"homme","award":["Champion Kick Boxing"],"knowsAbout":["Investissement"],"knowsLanguage":["Fran\u00e7ais","Anglais","Congo"],"url":"https:\/\/zackmwekassa.org\/en\/author\/reports\/"},{"@type":"ImageObject","inLanguage":"en-US","@id":"https:\/\/zackmwekassa.org\/en\/france-adopts-law-against-hair-discrimination\/#local-main-organization-logo","url":"https:\/\/zackmwekassa.org\/wp-content\/uploads\/2023\/06\/cropped-zack-mwekassa-icon.png","contentUrl":"https:\/\/zackmwekassa.org\/wp-content\/uploads\/2023\/06\/cropped-zack-mwekassa-icon.png","width":1920,"height":652,"caption":"Zack Mwekassa"}]}},"jetpack_featured_media_url":"https:\/\/zackmwekassa.org\/wp-content\/uploads\/2024\/04\/loi.jpg","jetpack_sharing_enabled":true,"_links":{"self":[{"href":"https:\/\/zackmwekassa.org\/en\/wp-json\/wp\/v2\/posts\/6622","targetHints":{"allow":["GET"]}}],"collection":[{"href":"https:\/\/zackmwekassa.org\/en\/wp-json\/wp\/v2\/posts"}],"about":[{"href":"https:\/\/zackmwekassa.org\/en\/wp-json\/wp\/v2\/types\/post"}],"author":[{"embeddable":true,"href":"https:\/\/zackmwekassa.org\/en\/wp-json\/wp\/v2\/users\/2"}],"replies":[{"embeddable":true,"href":"https:\/\/zackmwekassa.org\/en\/wp-json\/wp\/v2\/comments?post=6622"}],"version-history":[{"count":3,"href":"https:\/\/zackmwekassa.org\/en\/wp-json\/wp\/v2\/posts\/6622\/revisions"}],"predecessor-version":[{"id":6626,"href":"https:\/\/zackmwekassa.org\/en\/wp-json\/wp\/v2\/posts\/6622\/revisions\/6626"}],"wp:featuredmedia":[{"embeddable":true,"href":"https:\/\/zackmwekassa.org\/en\/wp-json\/wp\/v2\/media\/6620"}],"wp:attachment":[{"href":"https:\/\/zackmwekassa.org\/en\/wp-json\/wp\/v2\/media?parent=6622"}],"wp:term":[{"taxonomy":"category","embeddable":true,"href":"https:\/\/zackmwekassa.org\/en\/wp-json\/wp\/v2\/categories?post=6622"},{"taxonomy":"post_tag","embeddable":true,"href":"https:\/\/zackmwekassa.org\/en\/wp-json\/wp\/v2\/tags?post=6622"}],"curies":[{"name":"wp","href":"https:\/\/api.w.org\/{rel}","templated":true}]}}