{"id":6072,"date":"2024-01-19T00:54:24","date_gmt":"2024-01-19T00:54:24","guid":{"rendered":"https:\/\/zackmwekassa.org\/?p=6072"},"modified":"2024-01-19T00:54:24","modified_gmt":"2024-01-19T00:54:24","slug":"namibia-condemns-germany-for-rejecting-south-africas-complaint-against-israel","status":"publish","type":"post","link":"https:\/\/zackmwekassa.org\/en\/namibia-condemns-germany-for-rejecting-south-africas-complaint-against-israel\/","title":{"rendered":"Namibia Condemns Germany for Rejecting South Africa&#8217;s Complaint Against Israel"},"content":{"rendered":"<p>Namibia strongly condemned Germany for refusing to support South Africa&#8217;s complaint against Israel at the International Court of Justice. This issue has reignited historical tensions between Namibia and Germany dating back to the colonial period in the early 20th century.<\/p>\n<div id=\"ez-toc-container\" class=\"ez-toc-v2_0_82_2 counter-hierarchy ez-toc-counter ez-toc-transparent ez-toc-container-direction\">\n<div class=\"ez-toc-title-container\">\n<p class=\"ez-toc-title\" style=\"cursor:inherit\">Table of Contents<\/p>\n<span class=\"ez-toc-title-toggle\"><a href=\"#\" class=\"ez-toc-pull-right ez-toc-btn ez-toc-btn-xs ez-toc-btn-default ez-toc-toggle\" aria-label=\"Toggle Table of Content\"><span class=\"ez-toc-js-icon-con\"><span class=\"\"><span class=\"eztoc-hide\" style=\"display:none;\">Toggle<\/span><span class=\"ez-toc-icon-toggle-span\"><svg style=\"fill: #dd3333;color:#dd3333\" xmlns=\"http:\/\/www.w3.org\/2000\/svg\" class=\"list-377408\" width=\"20px\" height=\"20px\" viewBox=\"0 0 24 24\" fill=\"none\"><path d=\"M6 6H4v2h2V6zm14 0H8v2h12V6zM4 11h2v2H4v-2zm16 0H8v2h12v-2zM4 16h2v2H4v-2zm16 0H8v2h12v-2z\" fill=\"currentColor\"><\/path><\/svg><svg style=\"fill: #dd3333;color:#dd3333\" class=\"arrow-unsorted-368013\" xmlns=\"http:\/\/www.w3.org\/2000\/svg\" width=\"10px\" height=\"10px\" viewBox=\"0 0 24 24\" version=\"1.2\" baseProfile=\"tiny\"><path d=\"M18.2 9.3l-6.2-6.3-6.2 6.3c-.2.2-.3.4-.3.7s.1.5.3.7c.2.2.4.3.7.3h11c.3 0 .5-.1.7-.3.2-.2.3-.5.3-.7s-.1-.5-.3-.7zM5.8 14.7l6.2 6.3 6.2-6.3c.2-.2.3-.5.3-.7s-.1-.5-.3-.7c-.2-.2-.4-.3-.7-.3h-11c-.3 0-.5.1-.7.3-.2.2-.3.5-.3.7s.1.5.3.7z\"\/><\/svg><\/span><\/span><\/span><\/a><\/span><\/div>\n<nav><ul class='ez-toc-list ez-toc-list-level-1 eztoc-toggle-hide-by-default' ><li class='ez-toc-page-1 ez-toc-heading-level-2'><a class=\"ez-toc-link ez-toc-heading-1\" href=\"https:\/\/zackmwekassa.org\/en\/namibia-condemns-germany-for-rejecting-south-africas-complaint-against-israel\/#Historical_Background_and_Reactions\" >Historical Background and Reactions<\/a><\/li><li class='ez-toc-page-1 ez-toc-heading-level-2'><a class=\"ez-toc-link ez-toc-heading-2\" href=\"https:\/\/zackmwekassa.org\/en\/namibia-condemns-germany-for-rejecting-south-africas-complaint-against-israel\/#Namibias_Call_for_a_Review_of_the_Decision\" >Namibia&#8217;s Call for a Review of the Decision<\/a><\/li><li class='ez-toc-page-1 ez-toc-heading-level-2'><a class=\"ez-toc-link ez-toc-heading-3\" href=\"https:\/\/zackmwekassa.org\/en\/namibia-condemns-germany-for-rejecting-south-africas-complaint-against-israel\/#Namibia_a_Lone_Voice_in_Africa\" >Namibia, a Lone Voice in Africa<\/a><\/li><li class='ez-toc-page-1 ez-toc-heading-level-2'><a class=\"ez-toc-link ez-toc-heading-4\" href=\"https:\/\/zackmwekassa.org\/en\/namibia-condemns-germany-for-rejecting-south-africas-complaint-against-israel\/#Reflections_on_African_Brotherhood\" >Reflections on African Brotherhood<\/a><\/li><\/ul><\/nav><\/div>\n<h2><span class=\"ez-toc-section\" id=\"Historical_Background_and_Reactions\"><\/span>Historical Background and Reactions<span class=\"ez-toc-section-end\"><\/span><\/h2>\n<figure style=\"width: 734px\" class=\"wp-caption alignnone\"><img loading=\"lazy\" decoding=\"async\" src=\"https:\/\/information.tv5monde.com\/sites\/tv5-info\/files\/styles\/entete\/public\/2021-12\/field_media_image-34020-namibie-genocide.png?itok=ubSocWry\" alt=\"\" width=\"734\" height=\"378\" \/><figcaption class=\"wp-caption-text\">Namibia: Germany&#8217;s First Genocide<\/figcaption><\/figure>\n<p>Historically, Germany and Namibia negotiated for years to shed light on events between 1904 and 1908, marked by the first genocide of the 20th century. German settlers arrived, seized land, displaced people, and stole livestock from Namibians, including various ethnic groups like the Herero, Nama, Damara, and San, leading to devastating consequences for the Namibian population. Namibia&#8217;s history under German colonization is marked by injustice and suffering.<\/p>\n<p>Faced with oppression, the Herero people rose in 1904 under the leadership of Samuel Maererou. They courageously fought the Germans and even managed to negotiate a temporary agreement. However, German Lieutenant Lota Vontrota rejected the agreement and decided to annihilate the Namibian population.<\/p>\n<p>Armed with some of the world&#8217;s most powerful forces at the time, the Germans launched a brutal campaign, pushing back Namibians, taking no prisoners, and inflicting inhumane consequences on men and women. This genocide occurred just before World War I, highlighting the cruelty of German occupation.<\/p>\n<p>Namibian survivors were placed in concentration camps in their own country, facing diseases, extreme hardships, and significant losses. For a long time, Germany refused to acknowledge these atrocities, exacerbating the trauma inflicted on the Namibian population.<\/p>\n<p>Namibia&#8217;s president expressed deep concern over Germany&#8217;s rejection of the complaint, emphasizing its ignorance of the suffering of Palestinians in Gaza. Namibia highlighted the massive displacement of civilians in Gaza, underscoring its commitment to justice and historical memory.<\/p>\n<blockquote class=\" quote-light \"><p><em><strong>Read more:\u00a0<a href=\"https:\/\/zackmwekassa.org\/en\/south-africa-renews-its-decision-to-leave-the-icc\/\">South Africa renews its decision to leave the ICC<\/a><\/strong><\/em><\/p><\/blockquote>\n<p>Germany chose to vouch for Israel, rejecting the genocide accusation by South Africa and claiming that Hamas aims to annihilate Israel. This decision elicited mixed reactions, with Israeli Prime Minister Benjamin Netanyahu expressing gratitude to German Chancellor Olaf Scholz.<\/p>\n<h2><span class=\"ez-toc-section\" id=\"Namibias_Call_for_a_Review_of_the_Decision\"><\/span>Namibia&#8217;s Call for a Review of the Decision<span class=\"ez-toc-section-end\"><\/span><\/h2>\n<figure style=\"width: 1200px\" class=\"wp-caption alignnone\"><img loading=\"lazy\" decoding=\"async\" src=\"https:\/\/mondafrique.com\/wp-content\/uploads\/2024\/01\/President-Namibie-jpg.webp\" alt=\"\" width=\"1200\" height=\"735\" \/><figcaption class=\"wp-caption-text\">From One Genocide to Another: Namibia Supports Pretoria in Its Trial Against Israel<\/figcaption><\/figure>\n<p>Namibian President Hage Geingob urged Germany to reconsider its decision to intervene as a third party in the case before the International Court of Justice. This gesture was labeled as an &#8220;impulsive decision&#8221; by the Namibian leader, emphasizing the importance of letting justice follow its course impartially.<\/p>\n<h2><span class=\"ez-toc-section\" id=\"Namibia_a_Lone_Voice_in_Africa\"><\/span>Namibia, a Lone Voice in Africa<span class=\"ez-toc-section-end\"><\/span><\/h2>\n<p>Namibia&#8217;s position in this matter contrasts with that of other African countries. The Namibian president openly criticized other African nations for not supporting South Africa in its advocacy for Palestinians. Only Morocco has shown potential future support, highlighting a division within the African continent on this issue.<\/p>\n<blockquote class=\" quote-light \"><p><em><strong>Read more:\u00a0<a href=\"https:\/\/zackmwekassa.org\/en\/senegal-full-support-for-the-senegalese-people-in-their-fight-for-freedom\/\">Senegal: Full support for the Senegalese people in their fight for freedom<\/a><\/strong><\/em><\/p><\/blockquote>\n<h2><span class=\"ez-toc-section\" id=\"Reflections_on_African_Brotherhood\"><\/span>Reflections on African Brotherhood<span class=\"ez-toc-section-end\"><\/span><\/h2>\n<p>The Namibian president&#8217;s reflections underscore a profound disappointment with the lack of African solidarity in this matter. The notion of brotherhood is questioned, and it becomes crucial to act rather than merely claim fraternal ties.<\/p>\n<p>The ongoing case involving Germany, South Africa, and Israel has revived historical wounds between Namibia and Germany. Namibia stands as a lone voice in Africa, openly criticizing Germany&#8217;s actions and calling for a review of its decision. This complex case also highlights divisions within the African continent regarding international solidarity.<\/p>\n","protected":false},"excerpt":{"rendered":"<p>Namibia strongly condemned Germany for refusing to support South Africa&#8217;s complaint against Israel at the International Court of Justice.<\/p>\n","protected":false},"author":2,"featured_media":6070,"comment_status":"open","ping_status":"open","sticky":false,"template":"","format":"standard","meta":{"_jetpack_memberships_contains_paid_content":false,"footnotes":""},"categories":[1483],"tags":[1717,1718,1720,1721,1523,1716,1719,1663,1722,1595],"class_list":["post-6072","post","type-post","status-publish","format-standard","has-post-thumbnail","hentry","category-geo-politics","tag-colonial-history","tag-diplomacy","tag-gaza-en","tag-genocide-en","tag-germany","tag-international-court-of-justice","tag-israel-en","tag-namibia","tag-reconciliation-en","tag-south-africa-en"],"yoast_head":"<!-- This site is optimized with the Yoast SEO Premium plugin v23.7 (Yoast SEO v27.5) - https:\/\/yoast.com\/product\/yoast-seo-premium-wordpress\/ -->\n<title>Namibia Condemns Germany for Rejecting South Africa&#039;s Complaint Against Israel - Zack Mwekassa<\/title>\n<meta name=\"description\" content=\"Namibia strongly condemned Germany for refusing to support South Africa&#039;s complaint against Israel at the International Court of Justice.\" \/>\n<meta name=\"robots\" content=\"index, follow, max-snippet:-1, max-image-preview:large, max-video-preview:-1\" \/>\n<link rel=\"canonical\" href=\"https:\/\/zackmwekassa.org\/en\/namibia-condemns-germany-for-rejecting-south-africas-complaint-against-israel\/\" \/>\n<meta property=\"og:locale\" content=\"en_US\" \/>\n<meta property=\"og:type\" content=\"article\" \/>\n<meta property=\"og:title\" content=\"Namibia Condemns Germany for Rejecting South Africa&#039;s Complaint Against Israel\" \/>\n<meta property=\"og:description\" content=\"Namibia strongly condemned Germany for refusing to support South Africa&#039;s complaint against Israel at the International Court of Justice.\" \/>\n<meta property=\"og:url\" content=\"https:\/\/zackmwekassa.org\/en\/namibia-condemns-germany-for-rejecting-south-africas-complaint-against-israel\/\" \/>\n<meta property=\"og:site_name\" content=\"Zack Mwekassa\" \/>\n<meta property=\"article:author\" content=\"https:\/\/www.facebook.com\/zackmwekassa0\" \/>\n<meta property=\"article:published_time\" content=\"2024-01-19T00:54:24+00:00\" \/>\n<meta property=\"og:image\" content=\"https:\/\/zackmwekassa.org\/wp-content\/uploads\/2024\/01\/0-1.jpg\" \/>\n\t<meta property=\"og:image:width\" content=\"480\" \/>\n\t<meta property=\"og:image:height\" content=\"360\" \/>\n\t<meta property=\"og:image:type\" content=\"image\/jpeg\" \/>\n<meta name=\"author\" content=\"Reports\" \/>\n<meta name=\"twitter:card\" content=\"summary_large_image\" \/>\n<meta name=\"twitter:description\" content=\"Namibia strongly condemned Germany for refusing to support South Africa&#039;s complaint against Israel at the International Court of Justice.\" \/>\n<meta name=\"twitter:creator\" content=\"@https:\/\/www.twitter.com\/zackmwekassa0\" \/>\n<meta name=\"twitter:label1\" content=\"Written by\" \/>\n\t<meta name=\"twitter:data1\" content=\"Reports\" \/>\n\t<meta name=\"twitter:label2\" content=\"Est. reading time\" \/>\n\t<meta name=\"twitter:data2\" content=\"4 minutes\" \/>\n<script type=\"application\/ld+json\" class=\"yoast-schema-graph\">{\"@context\":\"https:\\\/\\\/schema.org\",\"@graph\":[{\"@type\":\"Article\",\"@id\":\"https:\\\/\\\/zackmwekassa.org\\\/en\\\/namibia-condemns-germany-for-rejecting-south-africas-complaint-against-israel\\\/#article\",\"isPartOf\":{\"@id\":\"https:\\\/\\\/zackmwekassa.org\\\/en\\\/namibia-condemns-germany-for-rejecting-south-africas-complaint-against-israel\\\/\"},\"author\":{\"name\":\"Reports\",\"@id\":\"https:\\\/\\\/zackmwekassa.org\\\/#\\\/schema\\\/person\\\/16020c21d5718ee21c6580fe71b5ad9f\"},\"headline\":\"Namibia Condemns Germany for Rejecting South Africa&#8217;s Complaint Against Israel\",\"datePublished\":\"2024-01-19T00:54:24+00:00\",\"mainEntityOfPage\":{\"@id\":\"https:\\\/\\\/zackmwekassa.org\\\/en\\\/namibia-condemns-germany-for-rejecting-south-africas-complaint-against-israel\\\/\"},\"wordCount\":582,\"commentCount\":0,\"publisher\":{\"@id\":\"https:\\\/\\\/zackmwekassa.org\\\/#organization\"},\"image\":{\"@id\":\"https:\\\/\\\/zackmwekassa.org\\\/en\\\/namibia-condemns-germany-for-rejecting-south-africas-complaint-against-israel\\\/#primaryimage\"},\"thumbnailUrl\":\"https:\\\/\\\/zackmwekassa.org\\\/wp-content\\\/uploads\\\/2024\\\/01\\\/0-1.jpg\",\"keywords\":[\"colonial history\",\"diplomacy\",\"Gaza\",\"g\u00e9nocide\",\"Germany\",\"International Court of Justice\",\"Isra\u00ebl\",\"Namibia\",\"r\u00e9conciliation\",\"South Africa\"],\"articleSection\":[\"Geo-politics\"],\"inLanguage\":\"en-US\",\"potentialAction\":[{\"@type\":\"CommentAction\",\"name\":\"Comment\",\"target\":[\"https:\\\/\\\/zackmwekassa.org\\\/en\\\/namibia-condemns-germany-for-rejecting-south-africas-complaint-against-israel\\\/#respond\"]}]},{\"@type\":\"WebPage\",\"@id\":\"https:\\\/\\\/zackmwekassa.org\\\/en\\\/namibia-condemns-germany-for-rejecting-south-africas-complaint-against-israel\\\/\",\"url\":\"https:\\\/\\\/zackmwekassa.org\\\/en\\\/namibia-condemns-germany-for-rejecting-south-africas-complaint-against-israel\\\/\",\"name\":\"Namibia Condemns Germany for Rejecting South Africa's Complaint Against Israel - Zack Mwekassa\",\"isPartOf\":{\"@id\":\"https:\\\/\\\/zackmwekassa.org\\\/#website\"},\"primaryImageOfPage\":{\"@id\":\"https:\\\/\\\/zackmwekassa.org\\\/en\\\/namibia-condemns-germany-for-rejecting-south-africas-complaint-against-israel\\\/#primaryimage\"},\"image\":{\"@id\":\"https:\\\/\\\/zackmwekassa.org\\\/en\\\/namibia-condemns-germany-for-rejecting-south-africas-complaint-against-israel\\\/#primaryimage\"},\"thumbnailUrl\":\"https:\\\/\\\/zackmwekassa.org\\\/wp-content\\\/uploads\\\/2024\\\/01\\\/0-1.jpg\",\"datePublished\":\"2024-01-19T00:54:24+00:00\",\"description\":\"Namibia strongly condemned Germany for refusing to support South Africa's complaint against Israel at the International Court of Justice.\",\"breadcrumb\":{\"@id\":\"https:\\\/\\\/zackmwekassa.org\\\/en\\\/namibia-condemns-germany-for-rejecting-south-africas-complaint-against-israel\\\/#breadcrumb\"},\"inLanguage\":\"en-US\",\"potentialAction\":[{\"@type\":\"ReadAction\",\"target\":[\"https:\\\/\\\/zackmwekassa.org\\\/en\\\/namibia-condemns-germany-for-rejecting-south-africas-complaint-against-israel\\\/\"]}]},{\"@type\":\"ImageObject\",\"inLanguage\":\"en-US\",\"@id\":\"https:\\\/\\\/zackmwekassa.org\\\/en\\\/namibia-condemns-germany-for-rejecting-south-africas-complaint-against-israel\\\/#primaryimage\",\"url\":\"https:\\\/\\\/zackmwekassa.org\\\/wp-content\\\/uploads\\\/2024\\\/01\\\/0-1.jpg\",\"contentUrl\":\"https:\\\/\\\/zackmwekassa.org\\\/wp-content\\\/uploads\\\/2024\\\/01\\\/0-1.jpg\",\"width\":480,\"height\":360,\"caption\":\"Namibia condemns Germany's stance in the Israel-South Africa dispute: A historical reminder and African solidarity\"},{\"@type\":\"BreadcrumbList\",\"@id\":\"https:\\\/\\\/zackmwekassa.org\\\/en\\\/namibia-condemns-germany-for-rejecting-south-africas-complaint-against-israel\\\/#breadcrumb\",\"itemListElement\":[{\"@type\":\"ListItem\",\"position\":1,\"name\":\"Accueil\",\"item\":\"https:\\\/\\\/zackmwekassa.org\\\/en\\\/\"},{\"@type\":\"ListItem\",\"position\":2,\"name\":\"Namibia Condemns Germany for Rejecting South Africa&rsquo;s Complaint Against Israel\"}]},{\"@type\":\"WebSite\",\"@id\":\"https:\\\/\\\/zackmwekassa.org\\\/#website\",\"url\":\"https:\\\/\\\/zackmwekassa.org\\\/\",\"name\":\"Zack Mwekassa\",\"description\":\"Le guerrier noir, votre fr\u00e8re !\",\"publisher\":{\"@id\":\"https:\\\/\\\/zackmwekassa.org\\\/#organization\"},\"potentialAction\":[{\"@type\":\"SearchAction\",\"target\":{\"@type\":\"EntryPoint\",\"urlTemplate\":\"https:\\\/\\\/zackmwekassa.org\\\/?s={search_term_string}\"},\"query-input\":{\"@type\":\"PropertyValueSpecification\",\"valueRequired\":true,\"valueName\":\"search_term_string\"}}],\"inLanguage\":\"en-US\"},{\"@type\":[\"Organization\",\"Place\"],\"@id\":\"https:\\\/\\\/zackmwekassa.org\\\/#organization\",\"name\":\"Zack Mwekassa\",\"url\":\"https:\\\/\\\/zackmwekassa.org\\\/\",\"logo\":{\"@id\":\"https:\\\/\\\/zackmwekassa.org\\\/en\\\/namibia-condemns-germany-for-rejecting-south-africas-complaint-against-israel\\\/#local-main-organization-logo\"},\"image\":{\"@id\":\"https:\\\/\\\/zackmwekassa.org\\\/en\\\/namibia-condemns-germany-for-rejecting-south-africas-complaint-against-israel\\\/#local-main-organization-logo\"},\"telephone\":[],\"openingHoursSpecification\":[{\"@type\":\"OpeningHoursSpecification\",\"dayOfWeek\":[\"Monday\",\"Tuesday\",\"Wednesday\",\"Thursday\",\"Friday\",\"Saturday\",\"Sunday\"],\"opens\":\"09:00\",\"closes\":\"17:00\"}]},{\"@type\":\"Person\",\"@id\":\"https:\\\/\\\/zackmwekassa.org\\\/#\\\/schema\\\/person\\\/16020c21d5718ee21c6580fe71b5ad9f\",\"name\":\"Reports\",\"image\":{\"@type\":\"ImageObject\",\"inLanguage\":\"en-US\",\"@id\":\"https:\\\/\\\/secure.gravatar.com\\\/avatar\\\/9ffa1dfb2a3e36f2dee2ea1639176308c4cfdfe65f9422051ff3e19478b65d54?s=96&d=mm&r=g\",\"url\":\"https:\\\/\\\/secure.gravatar.com\\\/avatar\\\/9ffa1dfb2a3e36f2dee2ea1639176308c4cfdfe65f9422051ff3e19478b65d54?s=96&d=mm&r=g\",\"contentUrl\":\"https:\\\/\\\/secure.gravatar.com\\\/avatar\\\/9ffa1dfb2a3e36f2dee2ea1639176308c4cfdfe65f9422051ff3e19478b65d54?s=96&d=mm&r=g\",\"caption\":\"Reports\"},\"description\":\"D\u00e9couvrez le passionnant monde des articles pr\u00e9sent\u00e9s par Zack Mwekassa, une figure embl\u00e9matique de la boxe et du kickboxing ! Plongez-vous dans un univers captivant o\u00f9 chaque texte est une fen\u00eatre ouverte sur des sujets vari\u00e9s, allant de la g\u00e9opolitique africaine aux questions de vie et de soci\u00e9t\u00e9.\",\"sameAs\":[\"https:\\\/\\\/www.facebook.com\\\/zackmwekassa0\",\"https:\\\/\\\/www.instagram.com\\\/zackmwekassa0\",\"https:\\\/\\\/x.com\\\/https:\\\/\\\/www.twitter.com\\\/zackmwekassa0\",\"https:\\\/\\\/www.youtube.com\\\/@zackmwekassamotivation4525\",\"https:\\\/\\\/en.wikipedia.org\\\/wiki\\\/Zack_Mwekassa\"],\"gender\":\"homme\",\"award\":[\"Champion Kick Boxing\"],\"knowsAbout\":[\"Investissement\"],\"knowsLanguage\":[\"Fran\u00e7ais\",\"Anglais\",\"Congo\"],\"url\":\"https:\\\/\\\/zackmwekassa.org\\\/en\\\/author\\\/reports\\\/\"},{\"@type\":\"ImageObject\",\"inLanguage\":\"en-US\",\"@id\":\"https:\\\/\\\/zackmwekassa.org\\\/en\\\/namibia-condemns-germany-for-rejecting-south-africas-complaint-against-israel\\\/#local-main-organization-logo\",\"url\":\"https:\\\/\\\/zackmwekassa.org\\\/wp-content\\\/uploads\\\/2023\\\/06\\\/cropped-zack-mwekassa-icon.png\",\"contentUrl\":\"https:\\\/\\\/zackmwekassa.org\\\/wp-content\\\/uploads\\\/2023\\\/06\\\/cropped-zack-mwekassa-icon.png\",\"width\":1920,\"height\":652,\"caption\":\"Zack Mwekassa\"}]}<\/script>\n<!-- \/ Yoast SEO Premium plugin. -->","yoast_head_json":{"title":"Namibia Condemns Germany for Rejecting South Africa's Complaint Against Israel - Zack Mwekassa","description":"Namibia strongly condemned Germany for refusing to support South Africa's complaint against Israel at the International Court of Justice.","robots":{"index":"index","follow":"follow","max-snippet":"max-snippet:-1","max-image-preview":"max-image-preview:large","max-video-preview":"max-video-preview:-1"},"canonical":"https:\/\/zackmwekassa.org\/en\/namibia-condemns-germany-for-rejecting-south-africas-complaint-against-israel\/","og_locale":"en_US","og_type":"article","og_title":"Namibia Condemns Germany for Rejecting South Africa's Complaint Against Israel","og_description":"Namibia strongly condemned Germany for refusing to support South Africa's complaint against Israel at the International Court of Justice.","og_url":"https:\/\/zackmwekassa.org\/en\/namibia-condemns-germany-for-rejecting-south-africas-complaint-against-israel\/","og_site_name":"Zack Mwekassa","article_author":"https:\/\/www.facebook.com\/zackmwekassa0","article_published_time":"2024-01-19T00:54:24+00:00","og_image":[{"width":480,"height":360,"url":"https:\/\/zackmwekassa.org\/wp-content\/uploads\/2024\/01\/0-1.jpg","type":"image\/jpeg"}],"author":"Reports","twitter_card":"summary_large_image","twitter_description":"Namibia strongly condemned Germany for refusing to support South Africa's complaint against Israel at the International Court of Justice.","twitter_creator":"@https:\/\/www.twitter.com\/zackmwekassa0","twitter_misc":{"Written by":"Reports","Est. reading time":"4 minutes"},"schema":{"@context":"https:\/\/schema.org","@graph":[{"@type":"Article","@id":"https:\/\/zackmwekassa.org\/en\/namibia-condemns-germany-for-rejecting-south-africas-complaint-against-israel\/#article","isPartOf":{"@id":"https:\/\/zackmwekassa.org\/en\/namibia-condemns-germany-for-rejecting-south-africas-complaint-against-israel\/"},"author":{"name":"Reports","@id":"https:\/\/zackmwekassa.org\/#\/schema\/person\/16020c21d5718ee21c6580fe71b5ad9f"},"headline":"Namibia Condemns Germany for Rejecting South Africa&#8217;s Complaint Against Israel","datePublished":"2024-01-19T00:54:24+00:00","mainEntityOfPage":{"@id":"https:\/\/zackmwekassa.org\/en\/namibia-condemns-germany-for-rejecting-south-africas-complaint-against-israel\/"},"wordCount":582,"commentCount":0,"publisher":{"@id":"https:\/\/zackmwekassa.org\/#organization"},"image":{"@id":"https:\/\/zackmwekassa.org\/en\/namibia-condemns-germany-for-rejecting-south-africas-complaint-against-israel\/#primaryimage"},"thumbnailUrl":"https:\/\/zackmwekassa.org\/wp-content\/uploads\/2024\/01\/0-1.jpg","keywords":["colonial history","diplomacy","Gaza","g\u00e9nocide","Germany","International Court of Justice","Isra\u00ebl","Namibia","r\u00e9conciliation","South Africa"],"articleSection":["Geo-politics"],"inLanguage":"en-US","potentialAction":[{"@type":"CommentAction","name":"Comment","target":["https:\/\/zackmwekassa.org\/en\/namibia-condemns-germany-for-rejecting-south-africas-complaint-against-israel\/#respond"]}]},{"@type":"WebPage","@id":"https:\/\/zackmwekassa.org\/en\/namibia-condemns-germany-for-rejecting-south-africas-complaint-against-israel\/","url":"https:\/\/zackmwekassa.org\/en\/namibia-condemns-germany-for-rejecting-south-africas-complaint-against-israel\/","name":"Namibia Condemns Germany for Rejecting South Africa's Complaint Against Israel - Zack Mwekassa","isPartOf":{"@id":"https:\/\/zackmwekassa.org\/#website"},"primaryImageOfPage":{"@id":"https:\/\/zackmwekassa.org\/en\/namibia-condemns-germany-for-rejecting-south-africas-complaint-against-israel\/#primaryimage"},"image":{"@id":"https:\/\/zackmwekassa.org\/en\/namibia-condemns-germany-for-rejecting-south-africas-complaint-against-israel\/#primaryimage"},"thumbnailUrl":"https:\/\/zackmwekassa.org\/wp-content\/uploads\/2024\/01\/0-1.jpg","datePublished":"2024-01-19T00:54:24+00:00","description":"Namibia strongly condemned Germany for refusing to support South Africa's complaint against Israel at the International Court of Justice.","breadcrumb":{"@id":"https:\/\/zackmwekassa.org\/en\/namibia-condemns-germany-for-rejecting-south-africas-complaint-against-israel\/#breadcrumb"},"inLanguage":"en-US","potentialAction":[{"@type":"ReadAction","target":["https:\/\/zackmwekassa.org\/en\/namibia-condemns-germany-for-rejecting-south-africas-complaint-against-israel\/"]}]},{"@type":"ImageObject","inLanguage":"en-US","@id":"https:\/\/zackmwekassa.org\/en\/namibia-condemns-germany-for-rejecting-south-africas-complaint-against-israel\/#primaryimage","url":"https:\/\/zackmwekassa.org\/wp-content\/uploads\/2024\/01\/0-1.jpg","contentUrl":"https:\/\/zackmwekassa.org\/wp-content\/uploads\/2024\/01\/0-1.jpg","width":480,"height":360,"caption":"Namibia condemns Germany's stance in the Israel-South Africa dispute: A historical reminder and African solidarity"},{"@type":"BreadcrumbList","@id":"https:\/\/zackmwekassa.org\/en\/namibia-condemns-germany-for-rejecting-south-africas-complaint-against-israel\/#breadcrumb","itemListElement":[{"@type":"ListItem","position":1,"name":"Accueil","item":"https:\/\/zackmwekassa.org\/en\/"},{"@type":"ListItem","position":2,"name":"Namibia Condemns Germany for Rejecting South Africa&rsquo;s Complaint Against Israel"}]},{"@type":"WebSite","@id":"https:\/\/zackmwekassa.org\/#website","url":"https:\/\/zackmwekassa.org\/","name":"Zack Mwekassa","description":"Le guerrier noir, votre fr\u00e8re !","publisher":{"@id":"https:\/\/zackmwekassa.org\/#organization"},"potentialAction":[{"@type":"SearchAction","target":{"@type":"EntryPoint","urlTemplate":"https:\/\/zackmwekassa.org\/?s={search_term_string}"},"query-input":{"@type":"PropertyValueSpecification","valueRequired":true,"valueName":"search_term_string"}}],"inLanguage":"en-US"},{"@type":["Organization","Place"],"@id":"https:\/\/zackmwekassa.org\/#organization","name":"Zack Mwekassa","url":"https:\/\/zackmwekassa.org\/","logo":{"@id":"https:\/\/zackmwekassa.org\/en\/namibia-condemns-germany-for-rejecting-south-africas-complaint-against-israel\/#local-main-organization-logo"},"image":{"@id":"https:\/\/zackmwekassa.org\/en\/namibia-condemns-germany-for-rejecting-south-africas-complaint-against-israel\/#local-main-organization-logo"},"telephone":[],"openingHoursSpecification":[{"@type":"OpeningHoursSpecification","dayOfWeek":["Monday","Tuesday","Wednesday","Thursday","Friday","Saturday","Sunday"],"opens":"09:00","closes":"17:00"}]},{"@type":"Person","@id":"https:\/\/zackmwekassa.org\/#\/schema\/person\/16020c21d5718ee21c6580fe71b5ad9f","name":"Reports","image":{"@type":"ImageObject","inLanguage":"en-US","@id":"https:\/\/secure.gravatar.com\/avatar\/9ffa1dfb2a3e36f2dee2ea1639176308c4cfdfe65f9422051ff3e19478b65d54?s=96&d=mm&r=g","url":"https:\/\/secure.gravatar.com\/avatar\/9ffa1dfb2a3e36f2dee2ea1639176308c4cfdfe65f9422051ff3e19478b65d54?s=96&d=mm&r=g","contentUrl":"https:\/\/secure.gravatar.com\/avatar\/9ffa1dfb2a3e36f2dee2ea1639176308c4cfdfe65f9422051ff3e19478b65d54?s=96&d=mm&r=g","caption":"Reports"},"description":"D\u00e9couvrez le passionnant monde des articles pr\u00e9sent\u00e9s par Zack Mwekassa, une figure embl\u00e9matique de la boxe et du kickboxing ! Plongez-vous dans un univers captivant o\u00f9 chaque texte est une fen\u00eatre ouverte sur des sujets vari\u00e9s, allant de la g\u00e9opolitique africaine aux questions de vie et de soci\u00e9t\u00e9.","sameAs":["https:\/\/www.facebook.com\/zackmwekassa0","https:\/\/www.instagram.com\/zackmwekassa0","https:\/\/x.com\/https:\/\/www.twitter.com\/zackmwekassa0","https:\/\/www.youtube.com\/@zackmwekassamotivation4525","https:\/\/en.wikipedia.org\/wiki\/Zack_Mwekassa"],"gender":"homme","award":["Champion Kick Boxing"],"knowsAbout":["Investissement"],"knowsLanguage":["Fran\u00e7ais","Anglais","Congo"],"url":"https:\/\/zackmwekassa.org\/en\/author\/reports\/"},{"@type":"ImageObject","inLanguage":"en-US","@id":"https:\/\/zackmwekassa.org\/en\/namibia-condemns-germany-for-rejecting-south-africas-complaint-against-israel\/#local-main-organization-logo","url":"https:\/\/zackmwekassa.org\/wp-content\/uploads\/2023\/06\/cropped-zack-mwekassa-icon.png","contentUrl":"https:\/\/zackmwekassa.org\/wp-content\/uploads\/2023\/06\/cropped-zack-mwekassa-icon.png","width":1920,"height":652,"caption":"Zack Mwekassa"}]}},"jetpack_featured_media_url":"https:\/\/zackmwekassa.org\/wp-content\/uploads\/2024\/01\/0-1.jpg","jetpack_sharing_enabled":true,"_links":{"self":[{"href":"https:\/\/zackmwekassa.org\/en\/wp-json\/wp\/v2\/posts\/6072","targetHints":{"allow":["GET"]}}],"collection":[{"href":"https:\/\/zackmwekassa.org\/en\/wp-json\/wp\/v2\/posts"}],"about":[{"href":"https:\/\/zackmwekassa.org\/en\/wp-json\/wp\/v2\/types\/post"}],"author":[{"embeddable":true,"href":"https:\/\/zackmwekassa.org\/en\/wp-json\/wp\/v2\/users\/2"}],"replies":[{"embeddable":true,"href":"https:\/\/zackmwekassa.org\/en\/wp-json\/wp\/v2\/comments?post=6072"}],"version-history":[{"count":1,"href":"https:\/\/zackmwekassa.org\/en\/wp-json\/wp\/v2\/posts\/6072\/revisions"}],"predecessor-version":[{"id":6075,"href":"https:\/\/zackmwekassa.org\/en\/wp-json\/wp\/v2\/posts\/6072\/revisions\/6075"}],"wp:featuredmedia":[{"embeddable":true,"href":"https:\/\/zackmwekassa.org\/en\/wp-json\/wp\/v2\/media\/6070"}],"wp:attachment":[{"href":"https:\/\/zackmwekassa.org\/en\/wp-json\/wp\/v2\/media?parent=6072"}],"wp:term":[{"taxonomy":"category","embeddable":true,"href":"https:\/\/zackmwekassa.org\/en\/wp-json\/wp\/v2\/categories?post=6072"},{"taxonomy":"post_tag","embeddable":true,"href":"https:\/\/zackmwekassa.org\/en\/wp-json\/wp\/v2\/tags?post=6072"}],"curies":[{"name":"wp","href":"https:\/\/api.w.org\/{rel}","templated":true}]}}