{"id":5987,"date":"2023-07-17T13:57:27","date_gmt":"2023-07-17T13:57:27","guid":{"rendered":"https:\/\/zackmwekassa.org\/france-in-shock-the-nahel-affair-symbol-of-rampant-racism\/"},"modified":"2023-07-17T13:57:27","modified_gmt":"2023-07-17T13:57:27","slug":"france-in-shock-the-nahel-affair-symbol-of-rampant-racism","status":"publish","type":"post","link":"https:\/\/zackmwekassa.org\/en\/france-in-shock-the-nahel-affair-symbol-of-rampant-racism\/","title":{"rendered":"France in shock: The Nahel affair, symbol of rampant racism"},"content":{"rendered":"<p>Over the past few days, France has been rocked by a tragic event that has made headlines across the media. A video is circulating on the Internet, revealing a scene of police violence that has deeply shocked the country. In this case, 17-year-old Nahel was violently stopped by a police officer while driving a car in the Paris suburb of Nanterre.<\/p>\n<div id=\"ez-toc-container\" class=\"ez-toc-v2_0_82_2 counter-hierarchy ez-toc-counter ez-toc-transparent ez-toc-container-direction\">\n<div class=\"ez-toc-title-container\">\n<p class=\"ez-toc-title\" style=\"cursor:inherit\">Table of Contents<\/p>\n<span class=\"ez-toc-title-toggle\"><a href=\"#\" class=\"ez-toc-pull-right ez-toc-btn ez-toc-btn-xs ez-toc-btn-default ez-toc-toggle\" aria-label=\"Toggle Table of Content\"><span class=\"ez-toc-js-icon-con\"><span class=\"\"><span class=\"eztoc-hide\" style=\"display:none;\">Toggle<\/span><span class=\"ez-toc-icon-toggle-span\"><svg style=\"fill: #dd3333;color:#dd3333\" xmlns=\"http:\/\/www.w3.org\/2000\/svg\" class=\"list-377408\" width=\"20px\" height=\"20px\" viewBox=\"0 0 24 24\" fill=\"none\"><path d=\"M6 6H4v2h2V6zm14 0H8v2h12V6zM4 11h2v2H4v-2zm16 0H8v2h12v-2zM4 16h2v2H4v-2zm16 0H8v2h12v-2z\" fill=\"currentColor\"><\/path><\/svg><svg style=\"fill: #dd3333;color:#dd3333\" class=\"arrow-unsorted-368013\" xmlns=\"http:\/\/www.w3.org\/2000\/svg\" width=\"10px\" height=\"10px\" viewBox=\"0 0 24 24\" version=\"1.2\" baseProfile=\"tiny\"><path d=\"M18.2 9.3l-6.2-6.3-6.2 6.3c-.2.2-.3.4-.3.7s.1.5.3.7c.2.2.4.3.7.3h11c.3 0 .5-.1.7-.3.2-.2.3-.5.3-.7s-.1-.5-.3-.7zM5.8 14.7l6.2 6.3 6.2-6.3c.2-.2.3-.5.3-.7s-.1-.5-.3-.7c-.2-.2-.4-.3-.7-.3h-11c-.3 0-.5.1-.7.3-.2.2-.3.5-.3.7s.1.5.3.7z\"\/><\/svg><\/span><\/span><\/span><\/a><\/span><\/div>\n<nav><ul class='ez-toc-list ez-toc-list-level-1 eztoc-toggle-hide-by-default' ><li class='ez-toc-page-1 ez-toc-heading-level-2'><a class=\"ez-toc-link ez-toc-heading-1\" href=\"https:\/\/zackmwekassa.org\/en\/france-in-shock-the-nahel-affair-symbol-of-rampant-racism\/#The_despair_caused_by_a_life_snatched_from_us_early_and_unfairly\" >The despair caused by a life snatched from us early and unfairly<\/a><\/li><li class='ez-toc-page-1 ez-toc-heading-level-2'><a class=\"ez-toc-link ez-toc-heading-2\" href=\"https:\/\/zackmwekassa.org\/en\/france-in-shock-the-nahel-affair-symbol-of-rampant-racism\/#The_reaction_of_President_Emmanuel_Macron_and_the_European_Union\" >The reaction of President Emmanuel Macron and the European Union<\/a><\/li><li class='ez-toc-page-1 ez-toc-heading-level-2'><a class=\"ez-toc-link ez-toc-heading-3\" href=\"https:\/\/zackmwekassa.org\/en\/france-in-shock-the-nahel-affair-symbol-of-rampant-racism\/#The_indignant_reaction_of_the_public_The_importance_of_staying_calm\" >The indignant reaction of the public. The importance of staying calm<\/a><\/li><li class='ez-toc-page-1 ez-toc-heading-level-2'><a class=\"ez-toc-link ez-toc-heading-4\" href=\"https:\/\/zackmwekassa.org\/en\/france-in-shock-the-nahel-affair-symbol-of-rampant-racism\/#Its_time_to_reconnect_with_our_origins\" >It&#8217;s time to reconnect with our origins<\/a><\/li><li class='ez-toc-page-1 ez-toc-heading-level-2'><a class=\"ez-toc-link ez-toc-heading-5\" href=\"https:\/\/zackmwekassa.org\/en\/france-in-shock-the-nahel-affair-symbol-of-rampant-racism\/#Totally_inspired_by_Zack_Mwekassas_video\" >Totally inspired by Zack Mwekassa&#8217;s video<\/a><\/li><\/ul><\/nav><\/div>\n<h2><span class=\"ez-toc-section\" id=\"The_despair_caused_by_a_life_snatched_from_us_early_and_unfairly\"><\/span>The despair caused by a life snatched from us early and unfairly<span class=\"ez-toc-section-end\"><\/span><\/h2>\n<figure id=\"attachment_1188\" aria-describedby=\"caption-attachment-1188\" style=\"width: 300px\" class=\"wp-caption alignleft\"><img loading=\"lazy\" decoding=\"async\" class=\"size-medium wp-image-1188\" src=\"https:\/\/zackmwekassa.org\/wp-content\/uploads\/2023\/07\/image-120-300x187.png\" alt=\"\" width=\"300\" height=\"187\" srcset=\"https:\/\/zackmwekassa.org\/wp-content\/uploads\/2023\/07\/image-120-300x187.png 300w, https:\/\/zackmwekassa.org\/wp-content\/uploads\/2023\/07\/image-120-768x480.png 768w, https:\/\/zackmwekassa.org\/wp-content\/uploads\/2023\/07\/image-120.png 932w\" sizes=\"auto, (max-width: 300px) 100vw, 300px\" \/><figcaption id=\"caption-attachment-1188\" class=\"wp-caption-text\"><em>Young Nahel dies in Nanterre, France, in troubled circumstances<\/em><\/figcaption><\/figure>\n<p>The brutality of the incident caused a stir among the French population. How is it possible that a country reputed to be modern and respectful of human rights has reached such a level of racism and cruelty towards its own citizens? These troubling questions are being asked today, leaving France outraged and saddened.<\/p>\n<p>Nahel, only 17, was still a teenager. At this age, he&#8217;s still building himself up, learning from his mistakes and growing up. And yet, not even the slightest chance of redemption has been granted. It&#8217;s unfortunate that a teenager, whoever he may be, was not recognized as such by the police officer in question, unless his ego got the better of him.<\/p>\n<p>It&#8217;s hard to imagine that if Nahel had been of a different origin or social background, he wouldn&#8217;t have been treated with such violence. In these circumstances, we would probably have given every possible chance to a young person from elsewhere. Why this difference in treatment? Why this lack of consideration for a teenager who deserved to be educated rather than brutally torn away from his family? The French police apparently take pleasure in mistreating certain citizens.<\/p>\n<p>The first version reported by the police indicated that Nahel had tried to ram the officers with his car. However, a viral video posted on social networks quickly contradicted this version, and AFP authenticated the new information. Faced with the evidence, the authorities had to change their story. These events triggered four nights of violent unrest in Paris and other French cities, where demonstrators clashed with police.<\/p>\n<blockquote><p><strong>A Lire: <a href=\"https:\/\/zackmwekassa.org\/france-course-contre-la-montre-pour-retrouver-un-sous-marin-perdu-pres-de-lepave-du-titanic-un-espoir-fragile-subsiste\/\">Race against time to find a lost submarine near the wreck of the Titanic in France: a fragile hope remains<\/a><\/strong><\/p><\/blockquote>\n<h2><span class=\"ez-toc-section\" id=\"The_reaction_of_President_Emmanuel_Macron_and_the_European_Union\"><\/span>The reaction of President Emmanuel Macron and the European Union<span class=\"ez-toc-section-end\"><\/span><\/h2>\n<figure id=\"attachment_1190\" aria-describedby=\"caption-attachment-1190\" style=\"width: 864px\" class=\"wp-caption aligncenter\"><img loading=\"lazy\" decoding=\"async\" class=\"size-full wp-image-1190\" src=\"https:\/\/zackmwekassa.org\/wp-content\/uploads\/2023\/07\/ipiccy_image_32.jpeg\" alt=\"\" width=\"864\" height=\"486\" srcset=\"https:\/\/zackmwekassa.org\/wp-content\/uploads\/2023\/07\/ipiccy_image_32.jpeg 864w, https:\/\/zackmwekassa.org\/wp-content\/uploads\/2023\/07\/ipiccy_image_32-300x169.jpeg 300w, https:\/\/zackmwekassa.org\/wp-content\/uploads\/2023\/07\/ipiccy_image_32-768x432.jpeg 768w\" sizes=\"auto, (max-width: 864px) 100vw, 864px\" \/><figcaption id=\"caption-attachment-1190\" class=\"wp-caption-text\"><em>Nahel&#8217;s death: Emmanuel Macron expresses his emotion<\/em><\/figcaption><\/figure>\n<p>President Emmanuel Macron called on parents to protect their children by keeping them away from demonstrations. He also denounced the influence of violent video games on some young people, stressing the need to restore order and deal with violence. Additional measures will be taken by the Minister of the Interior to respond to these violent demonstrations.<\/p>\n<p>&#8220;The case was referred to the courts immediately, and it is essential that those responsible be held accountable and that the truth come out. The nation must show its support for the victim and his family. Nothing can justify the death of a young man, and this tragedy must not be forgotten&#8221;, said Emmanuel Macron.<\/p>\n<p>The European Union has condemned France for its institutionalized racism, pointing to a persistent problem within its institutions. This reaction highlights the need to reform these structures and combat systemic racism.<\/p>\n<blockquote><p><strong>Read more: <a href=\"https:\/\/zackmwekassa.org\/grande-bretagne-des-juges-britanniques-sopposent-a-la-decision-du-gouvernement-concernant-lexpulsion-des-migrants-vers-le-rwanda\/\">Great Britain: British judges oppose government decision to expel migrants to Rwanda<\/a><\/strong><\/p><\/blockquote>\n<h2><span class=\"ez-toc-section\" id=\"The_indignant_reaction_of_the_public_The_importance_of_staying_calm\"><\/span>The indignant reaction of the public. The importance of staying calm<span class=\"ez-toc-section-end\"><\/span><\/h2>\n<figure id=\"attachment_1191\" aria-describedby=\"caption-attachment-1191\" style=\"width: 300px\" class=\"wp-caption alignleft\"><img loading=\"lazy\" decoding=\"async\" class=\"wp-image-1191 size-medium\" src=\"https:\/\/zackmwekassa.org\/wp-content\/uploads\/2023\/07\/73749394-51300995-300x188.jpg\" alt=\"\" width=\"300\" height=\"188\" srcset=\"https:\/\/zackmwekassa.org\/wp-content\/uploads\/2023\/07\/73749394-51300995-300x188.jpg 300w, https:\/\/zackmwekassa.org\/wp-content\/uploads\/2023\/07\/73749394-51300995-768x480.jpg 768w, https:\/\/zackmwekassa.org\/wp-content\/uploads\/2023\/07\/73749394-51300995.jpg 960w\" sizes=\"auto, (max-width: 300px) 100vw, 300px\" \/><figcaption id=\"caption-attachment-1191\" class=\"wp-caption-text\"><em>Nights of violence in Nanterre: When the population gets angry<\/em><\/figcaption><\/figure>\n<p>In the midst of these tragic events, rioting and looting have also broken out, making the situation even worse. It&#8217;s a sad fact that some people take advantage of these moments of chaos to commit acts of violence and theft. Anger and frustration should not justify such actions, as they inevitably lead to a loss of reason and purpose.<\/p>\n<p>Meanwhile, the Russian embassy in South Africa has reacted by asking why the international media are not more outraged by this situation. This raises the question of unequal media coverage of events in different countries.<\/p>\n<p>This sad event could well mark the beginning of a new reality in France. It exposes institutions infected by systemic racism. It&#8217;s high time we faced up to these problems of racism. Citizens need to reflect on their relationship with their origins, and create a genuine bond of solidarity within their communities.<\/p>\n<h2><span class=\"ez-toc-section\" id=\"Its_time_to_reconnect_with_our_origins\"><\/span>It&#8217;s time to reconnect with our origins<span class=\"ez-toc-section-end\"><\/span><\/h2>\n<p>It&#8217;s crucial to remember that everyone has the power to make their voice heard constructively, without descending into anarchy. Violence and looting only serve to discredit legitimate demands, and lead to a loss of legitimacy. It is therefore essential to preserve peace and find alternative ways of fighting injustice.<\/p>\n<p>Finally, it should be stressed that rights and opportunities in France will never be the same for everyone. It&#8217;s essential to recognize this reality and establish strong links with our origins, working to build strong, cohesive communities.<\/p>\n<h2><span class=\"ez-toc-section\" id=\"Totally_inspired_by_Zack_Mwekassas_video\"><\/span>Totally inspired by Zack Mwekassa&#8217;s video<span class=\"ez-toc-section-end\"><\/span><\/h2>\n<p><iframe loading=\"lazy\" title=\"LA VERIT\u00c9 SUR CE QUI SE PASSE EN FRANCE | Geopolitique | Episode #798\" width=\"500\" height=\"281\" src=\"https:\/\/www.youtube.com\/embed\/D5V0z6uDLo8?feature=oembed\" frameborder=\"0\" allow=\"accelerometer; autoplay; clipboard-write; encrypted-media; gyroscope; picture-in-picture; web-share\" referrerpolicy=\"strict-origin-when-cross-origin\" allowfullscreen><\/iframe><\/p>\n","protected":false},"excerpt":{"rendered":"<p>Over the past few days, France has been rocked by a tragic event that has made headlines across the media. A video is circulating on the Internet, revealing a scene of police violence that has deeply shocked the country.<\/p>\n","protected":false},"author":2,"featured_media":4839,"comment_status":"open","ping_status":"open","sticky":false,"template":"","format":"standard","meta":{"_jetpack_memberships_contains_paid_content":false,"footnotes":""},"categories":[32,1470],"tags":[1576,1526],"class_list":["post-5987","post","type-post","status-publish","format-standard","has-post-thumbnail","hentry","category-by-zack","category-life","tag-france-en","tag-racism"],"yoast_head":"<!-- This site is optimized with the Yoast SEO Premium plugin v23.7 (Yoast SEO v27.5) - https:\/\/yoast.com\/product\/yoast-seo-premium-wordpress\/ -->\n<title>France in shock: The Nahel affair, symbol of rampant racism - Zack Mwekassa<\/title>\n<meta name=\"description\" content=\"Over the past few days, France has been rocked by a tragic event that has made headlines across the media. A video is circulating on the Internet, revealing a scene of police violence that has deeply shocked the country.\" \/>\n<meta name=\"robots\" content=\"index, follow, max-snippet:-1, max-image-preview:large, max-video-preview:-1\" \/>\n<link rel=\"canonical\" href=\"https:\/\/zackmwekassa.org\/en\/france-in-shock-the-nahel-affair-symbol-of-rampant-racism\/\" \/>\n<meta property=\"og:locale\" content=\"en_US\" \/>\n<meta property=\"og:type\" content=\"article\" \/>\n<meta property=\"og:title\" content=\"France in shock: The Nahel affair, symbol of rampant racism\" \/>\n<meta property=\"og:description\" content=\"Over the past few days, France has been rocked by a tragic event that has made headlines across the media. A video is circulating on the Internet, revealing a scene of police violence that has deeply shocked the country.\" \/>\n<meta property=\"og:url\" content=\"https:\/\/zackmwekassa.org\/en\/france-in-shock-the-nahel-affair-symbol-of-rampant-racism\/\" \/>\n<meta property=\"og:site_name\" content=\"Zack Mwekassa\" \/>\n<meta property=\"article:author\" content=\"https:\/\/www.facebook.com\/zackmwekassa0\" \/>\n<meta property=\"article:published_time\" content=\"2023-07-17T13:57:27+00:00\" \/>\n<meta property=\"og:image\" content=\"https:\/\/zackmwekassa.org\/wp-content\/uploads\/2023\/07\/maxresdefault-43-1024x576.jpg\" \/>\n<meta name=\"author\" content=\"Reports\" \/>\n<meta name=\"twitter:card\" content=\"summary_large_image\" \/>\n<meta name=\"twitter:title\" content=\"France in shock: The Nahel affair, symbol of rampant racism\" \/>\n<meta name=\"twitter:description\" content=\"Over the past few days, France has been rocked by a tragic event that has made headlines across the media. A video is circulating on the Internet, revealing a scene of police violence that has deeply shocked the country.\" \/>\n<meta name=\"twitter:image\" content=\"https:\/\/zackmwekassa.org\/wp-content\/uploads\/2023\/07\/maxresdefault-43-1024x576.jpg\" \/>\n<meta name=\"twitter:creator\" content=\"@https:\/\/www.twitter.com\/zackmwekassa0\" \/>\n<meta name=\"twitter:label1\" content=\"Written by\" \/>\n\t<meta name=\"twitter:data1\" content=\"Reports\" \/>\n\t<meta name=\"twitter:label2\" content=\"Est. reading time\" \/>\n\t<meta name=\"twitter:data2\" content=\"4 minutes\" \/>\n<script type=\"application\/ld+json\" class=\"yoast-schema-graph\">{\"@context\":\"https:\\\/\\\/schema.org\",\"@graph\":[{\"@type\":\"Article\",\"@id\":\"https:\\\/\\\/zackmwekassa.org\\\/en\\\/france-in-shock-the-nahel-affair-symbol-of-rampant-racism\\\/#article\",\"isPartOf\":{\"@id\":\"https:\\\/\\\/zackmwekassa.org\\\/en\\\/france-in-shock-the-nahel-affair-symbol-of-rampant-racism\\\/\"},\"author\":{\"name\":\"Reports\",\"@id\":\"https:\\\/\\\/zackmwekassa.org\\\/#\\\/schema\\\/person\\\/16020c21d5718ee21c6580fe71b5ad9f\"},\"headline\":\"France in shock: The Nahel affair, symbol of rampant racism\",\"datePublished\":\"2023-07-17T13:57:27+00:00\",\"mainEntityOfPage\":{\"@id\":\"https:\\\/\\\/zackmwekassa.org\\\/en\\\/france-in-shock-the-nahel-affair-symbol-of-rampant-racism\\\/\"},\"wordCount\":853,\"commentCount\":0,\"publisher\":{\"@id\":\"https:\\\/\\\/zackmwekassa.org\\\/#organization\"},\"image\":{\"@id\":\"https:\\\/\\\/zackmwekassa.org\\\/en\\\/france-in-shock-the-nahel-affair-symbol-of-rampant-racism\\\/#primaryimage\"},\"thumbnailUrl\":\"https:\\\/\\\/zackmwekassa.org\\\/wp-content\\\/uploads\\\/2023\\\/07\\\/maxresdefault-43.jpg\",\"keywords\":[\"France\",\"racism\"],\"articleSection\":[\"By Zack\",\"Life\"],\"inLanguage\":\"en-US\",\"potentialAction\":[{\"@type\":\"CommentAction\",\"name\":\"Comment\",\"target\":[\"https:\\\/\\\/zackmwekassa.org\\\/en\\\/france-in-shock-the-nahel-affair-symbol-of-rampant-racism\\\/#respond\"]}]},{\"@type\":\"WebPage\",\"@id\":\"https:\\\/\\\/zackmwekassa.org\\\/en\\\/france-in-shock-the-nahel-affair-symbol-of-rampant-racism\\\/\",\"url\":\"https:\\\/\\\/zackmwekassa.org\\\/en\\\/france-in-shock-the-nahel-affair-symbol-of-rampant-racism\\\/\",\"name\":\"France in shock: The Nahel affair, symbol of rampant racism - Zack Mwekassa\",\"isPartOf\":{\"@id\":\"https:\\\/\\\/zackmwekassa.org\\\/#website\"},\"primaryImageOfPage\":{\"@id\":\"https:\\\/\\\/zackmwekassa.org\\\/en\\\/france-in-shock-the-nahel-affair-symbol-of-rampant-racism\\\/#primaryimage\"},\"image\":{\"@id\":\"https:\\\/\\\/zackmwekassa.org\\\/en\\\/france-in-shock-the-nahel-affair-symbol-of-rampant-racism\\\/#primaryimage\"},\"thumbnailUrl\":\"https:\\\/\\\/zackmwekassa.org\\\/wp-content\\\/uploads\\\/2023\\\/07\\\/maxresdefault-43.jpg\",\"datePublished\":\"2023-07-17T13:57:27+00:00\",\"description\":\"Over the past few days, France has been rocked by a tragic event that has made headlines across the media. A video is circulating on the Internet, revealing a scene of police violence that has deeply shocked the country.\",\"breadcrumb\":{\"@id\":\"https:\\\/\\\/zackmwekassa.org\\\/en\\\/france-in-shock-the-nahel-affair-symbol-of-rampant-racism\\\/#breadcrumb\"},\"inLanguage\":\"en-US\",\"potentialAction\":[{\"@type\":\"ReadAction\",\"target\":[\"https:\\\/\\\/zackmwekassa.org\\\/en\\\/france-in-shock-the-nahel-affair-symbol-of-rampant-racism\\\/\"]}]},{\"@type\":\"ImageObject\",\"inLanguage\":\"en-US\",\"@id\":\"https:\\\/\\\/zackmwekassa.org\\\/en\\\/france-in-shock-the-nahel-affair-symbol-of-rampant-racism\\\/#primaryimage\",\"url\":\"https:\\\/\\\/zackmwekassa.org\\\/wp-content\\\/uploads\\\/2023\\\/07\\\/maxresdefault-43.jpg\",\"contentUrl\":\"https:\\\/\\\/zackmwekassa.org\\\/wp-content\\\/uploads\\\/2023\\\/07\\\/maxresdefault-43.jpg\",\"width\":1280,\"height\":720,\"caption\":\"La France dans un racisme syst\u00e9mique\"},{\"@type\":\"BreadcrumbList\",\"@id\":\"https:\\\/\\\/zackmwekassa.org\\\/en\\\/france-in-shock-the-nahel-affair-symbol-of-rampant-racism\\\/#breadcrumb\",\"itemListElement\":[{\"@type\":\"ListItem\",\"position\":1,\"name\":\"Accueil\",\"item\":\"https:\\\/\\\/zackmwekassa.org\\\/en\\\/\"},{\"@type\":\"ListItem\",\"position\":2,\"name\":\"France in shock: The Nahel affair, symbol of rampant racism\"}]},{\"@type\":\"WebSite\",\"@id\":\"https:\\\/\\\/zackmwekassa.org\\\/#website\",\"url\":\"https:\\\/\\\/zackmwekassa.org\\\/\",\"name\":\"Zack Mwekassa\",\"description\":\"Le guerrier noir, votre fr\u00e8re !\",\"publisher\":{\"@id\":\"https:\\\/\\\/zackmwekassa.org\\\/#organization\"},\"potentialAction\":[{\"@type\":\"SearchAction\",\"target\":{\"@type\":\"EntryPoint\",\"urlTemplate\":\"https:\\\/\\\/zackmwekassa.org\\\/?s={search_term_string}\"},\"query-input\":{\"@type\":\"PropertyValueSpecification\",\"valueRequired\":true,\"valueName\":\"search_term_string\"}}],\"inLanguage\":\"en-US\"},{\"@type\":[\"Organization\",\"Place\"],\"@id\":\"https:\\\/\\\/zackmwekassa.org\\\/#organization\",\"name\":\"Zack Mwekassa\",\"url\":\"https:\\\/\\\/zackmwekassa.org\\\/\",\"logo\":{\"@id\":\"https:\\\/\\\/zackmwekassa.org\\\/en\\\/france-in-shock-the-nahel-affair-symbol-of-rampant-racism\\\/#local-main-organization-logo\"},\"image\":{\"@id\":\"https:\\\/\\\/zackmwekassa.org\\\/en\\\/france-in-shock-the-nahel-affair-symbol-of-rampant-racism\\\/#local-main-organization-logo\"},\"telephone\":[],\"openingHoursSpecification\":[{\"@type\":\"OpeningHoursSpecification\",\"dayOfWeek\":[\"Monday\",\"Tuesday\",\"Wednesday\",\"Thursday\",\"Friday\",\"Saturday\",\"Sunday\"],\"opens\":\"09:00\",\"closes\":\"17:00\"}]},{\"@type\":\"Person\",\"@id\":\"https:\\\/\\\/zackmwekassa.org\\\/#\\\/schema\\\/person\\\/16020c21d5718ee21c6580fe71b5ad9f\",\"name\":\"Reports\",\"image\":{\"@type\":\"ImageObject\",\"inLanguage\":\"en-US\",\"@id\":\"https:\\\/\\\/secure.gravatar.com\\\/avatar\\\/9ffa1dfb2a3e36f2dee2ea1639176308c4cfdfe65f9422051ff3e19478b65d54?s=96&d=mm&r=g\",\"url\":\"https:\\\/\\\/secure.gravatar.com\\\/avatar\\\/9ffa1dfb2a3e36f2dee2ea1639176308c4cfdfe65f9422051ff3e19478b65d54?s=96&d=mm&r=g\",\"contentUrl\":\"https:\\\/\\\/secure.gravatar.com\\\/avatar\\\/9ffa1dfb2a3e36f2dee2ea1639176308c4cfdfe65f9422051ff3e19478b65d54?s=96&d=mm&r=g\",\"caption\":\"Reports\"},\"description\":\"D\u00e9couvrez le passionnant monde des articles pr\u00e9sent\u00e9s par Zack Mwekassa, une figure embl\u00e9matique de la boxe et du kickboxing ! Plongez-vous dans un univers captivant o\u00f9 chaque texte est une fen\u00eatre ouverte sur des sujets vari\u00e9s, allant de la g\u00e9opolitique africaine aux questions de vie et de soci\u00e9t\u00e9.\",\"sameAs\":[\"https:\\\/\\\/www.facebook.com\\\/zackmwekassa0\",\"https:\\\/\\\/www.instagram.com\\\/zackmwekassa0\",\"https:\\\/\\\/x.com\\\/https:\\\/\\\/www.twitter.com\\\/zackmwekassa0\",\"https:\\\/\\\/www.youtube.com\\\/@zackmwekassamotivation4525\",\"https:\\\/\\\/en.wikipedia.org\\\/wiki\\\/Zack_Mwekassa\"],\"gender\":\"homme\",\"award\":[\"Champion Kick Boxing\"],\"knowsAbout\":[\"Investissement\"],\"knowsLanguage\":[\"Fran\u00e7ais\",\"Anglais\",\"Congo\"],\"url\":\"https:\\\/\\\/zackmwekassa.org\\\/en\\\/author\\\/reports\\\/\"},{\"@type\":\"ImageObject\",\"inLanguage\":\"en-US\",\"@id\":\"https:\\\/\\\/zackmwekassa.org\\\/en\\\/france-in-shock-the-nahel-affair-symbol-of-rampant-racism\\\/#local-main-organization-logo\",\"url\":\"https:\\\/\\\/zackmwekassa.org\\\/wp-content\\\/uploads\\\/2023\\\/06\\\/cropped-zack-mwekassa-icon.png\",\"contentUrl\":\"https:\\\/\\\/zackmwekassa.org\\\/wp-content\\\/uploads\\\/2023\\\/06\\\/cropped-zack-mwekassa-icon.png\",\"width\":1920,\"height\":652,\"caption\":\"Zack Mwekassa\"}]}<\/script>\n<!-- \/ Yoast SEO Premium plugin. -->","yoast_head_json":{"title":"France in shock: The Nahel affair, symbol of rampant racism - Zack Mwekassa","description":"Over the past few days, France has been rocked by a tragic event that has made headlines across the media. A video is circulating on the Internet, revealing a scene of police violence that has deeply shocked the country.","robots":{"index":"index","follow":"follow","max-snippet":"max-snippet:-1","max-image-preview":"max-image-preview:large","max-video-preview":"max-video-preview:-1"},"canonical":"https:\/\/zackmwekassa.org\/en\/france-in-shock-the-nahel-affair-symbol-of-rampant-racism\/","og_locale":"en_US","og_type":"article","og_title":"France in shock: The Nahel affair, symbol of rampant racism","og_description":"Over the past few days, France has been rocked by a tragic event that has made headlines across the media. A video is circulating on the Internet, revealing a scene of police violence that has deeply shocked the country.","og_url":"https:\/\/zackmwekassa.org\/en\/france-in-shock-the-nahel-affair-symbol-of-rampant-racism\/","og_site_name":"Zack Mwekassa","article_author":"https:\/\/www.facebook.com\/zackmwekassa0","article_published_time":"2023-07-17T13:57:27+00:00","og_image":[{"url":"https:\/\/zackmwekassa.org\/wp-content\/uploads\/2023\/07\/maxresdefault-43-1024x576.jpg","type":"","width":"","height":""}],"author":"Reports","twitter_card":"summary_large_image","twitter_title":"France in shock: The Nahel affair, symbol of rampant racism","twitter_description":"Over the past few days, France has been rocked by a tragic event that has made headlines across the media. A video is circulating on the Internet, revealing a scene of police violence that has deeply shocked the country.","twitter_image":"https:\/\/zackmwekassa.org\/wp-content\/uploads\/2023\/07\/maxresdefault-43-1024x576.jpg","twitter_creator":"@https:\/\/www.twitter.com\/zackmwekassa0","twitter_misc":{"Written by":"Reports","Est. reading time":"4 minutes"},"schema":{"@context":"https:\/\/schema.org","@graph":[{"@type":"Article","@id":"https:\/\/zackmwekassa.org\/en\/france-in-shock-the-nahel-affair-symbol-of-rampant-racism\/#article","isPartOf":{"@id":"https:\/\/zackmwekassa.org\/en\/france-in-shock-the-nahel-affair-symbol-of-rampant-racism\/"},"author":{"name":"Reports","@id":"https:\/\/zackmwekassa.org\/#\/schema\/person\/16020c21d5718ee21c6580fe71b5ad9f"},"headline":"France in shock: The Nahel affair, symbol of rampant racism","datePublished":"2023-07-17T13:57:27+00:00","mainEntityOfPage":{"@id":"https:\/\/zackmwekassa.org\/en\/france-in-shock-the-nahel-affair-symbol-of-rampant-racism\/"},"wordCount":853,"commentCount":0,"publisher":{"@id":"https:\/\/zackmwekassa.org\/#organization"},"image":{"@id":"https:\/\/zackmwekassa.org\/en\/france-in-shock-the-nahel-affair-symbol-of-rampant-racism\/#primaryimage"},"thumbnailUrl":"https:\/\/zackmwekassa.org\/wp-content\/uploads\/2023\/07\/maxresdefault-43.jpg","keywords":["France","racism"],"articleSection":["By Zack","Life"],"inLanguage":"en-US","potentialAction":[{"@type":"CommentAction","name":"Comment","target":["https:\/\/zackmwekassa.org\/en\/france-in-shock-the-nahel-affair-symbol-of-rampant-racism\/#respond"]}]},{"@type":"WebPage","@id":"https:\/\/zackmwekassa.org\/en\/france-in-shock-the-nahel-affair-symbol-of-rampant-racism\/","url":"https:\/\/zackmwekassa.org\/en\/france-in-shock-the-nahel-affair-symbol-of-rampant-racism\/","name":"France in shock: The Nahel affair, symbol of rampant racism - Zack Mwekassa","isPartOf":{"@id":"https:\/\/zackmwekassa.org\/#website"},"primaryImageOfPage":{"@id":"https:\/\/zackmwekassa.org\/en\/france-in-shock-the-nahel-affair-symbol-of-rampant-racism\/#primaryimage"},"image":{"@id":"https:\/\/zackmwekassa.org\/en\/france-in-shock-the-nahel-affair-symbol-of-rampant-racism\/#primaryimage"},"thumbnailUrl":"https:\/\/zackmwekassa.org\/wp-content\/uploads\/2023\/07\/maxresdefault-43.jpg","datePublished":"2023-07-17T13:57:27+00:00","description":"Over the past few days, France has been rocked by a tragic event that has made headlines across the media. A video is circulating on the Internet, revealing a scene of police violence that has deeply shocked the country.","breadcrumb":{"@id":"https:\/\/zackmwekassa.org\/en\/france-in-shock-the-nahel-affair-symbol-of-rampant-racism\/#breadcrumb"},"inLanguage":"en-US","potentialAction":[{"@type":"ReadAction","target":["https:\/\/zackmwekassa.org\/en\/france-in-shock-the-nahel-affair-symbol-of-rampant-racism\/"]}]},{"@type":"ImageObject","inLanguage":"en-US","@id":"https:\/\/zackmwekassa.org\/en\/france-in-shock-the-nahel-affair-symbol-of-rampant-racism\/#primaryimage","url":"https:\/\/zackmwekassa.org\/wp-content\/uploads\/2023\/07\/maxresdefault-43.jpg","contentUrl":"https:\/\/zackmwekassa.org\/wp-content\/uploads\/2023\/07\/maxresdefault-43.jpg","width":1280,"height":720,"caption":"La France dans un racisme syst\u00e9mique"},{"@type":"BreadcrumbList","@id":"https:\/\/zackmwekassa.org\/en\/france-in-shock-the-nahel-affair-symbol-of-rampant-racism\/#breadcrumb","itemListElement":[{"@type":"ListItem","position":1,"name":"Accueil","item":"https:\/\/zackmwekassa.org\/en\/"},{"@type":"ListItem","position":2,"name":"France in shock: The Nahel affair, symbol of rampant racism"}]},{"@type":"WebSite","@id":"https:\/\/zackmwekassa.org\/#website","url":"https:\/\/zackmwekassa.org\/","name":"Zack Mwekassa","description":"Le guerrier noir, votre fr\u00e8re !","publisher":{"@id":"https:\/\/zackmwekassa.org\/#organization"},"potentialAction":[{"@type":"SearchAction","target":{"@type":"EntryPoint","urlTemplate":"https:\/\/zackmwekassa.org\/?s={search_term_string}"},"query-input":{"@type":"PropertyValueSpecification","valueRequired":true,"valueName":"search_term_string"}}],"inLanguage":"en-US"},{"@type":["Organization","Place"],"@id":"https:\/\/zackmwekassa.org\/#organization","name":"Zack Mwekassa","url":"https:\/\/zackmwekassa.org\/","logo":{"@id":"https:\/\/zackmwekassa.org\/en\/france-in-shock-the-nahel-affair-symbol-of-rampant-racism\/#local-main-organization-logo"},"image":{"@id":"https:\/\/zackmwekassa.org\/en\/france-in-shock-the-nahel-affair-symbol-of-rampant-racism\/#local-main-organization-logo"},"telephone":[],"openingHoursSpecification":[{"@type":"OpeningHoursSpecification","dayOfWeek":["Monday","Tuesday","Wednesday","Thursday","Friday","Saturday","Sunday"],"opens":"09:00","closes":"17:00"}]},{"@type":"Person","@id":"https:\/\/zackmwekassa.org\/#\/schema\/person\/16020c21d5718ee21c6580fe71b5ad9f","name":"Reports","image":{"@type":"ImageObject","inLanguage":"en-US","@id":"https:\/\/secure.gravatar.com\/avatar\/9ffa1dfb2a3e36f2dee2ea1639176308c4cfdfe65f9422051ff3e19478b65d54?s=96&d=mm&r=g","url":"https:\/\/secure.gravatar.com\/avatar\/9ffa1dfb2a3e36f2dee2ea1639176308c4cfdfe65f9422051ff3e19478b65d54?s=96&d=mm&r=g","contentUrl":"https:\/\/secure.gravatar.com\/avatar\/9ffa1dfb2a3e36f2dee2ea1639176308c4cfdfe65f9422051ff3e19478b65d54?s=96&d=mm&r=g","caption":"Reports"},"description":"D\u00e9couvrez le passionnant monde des articles pr\u00e9sent\u00e9s par Zack Mwekassa, une figure embl\u00e9matique de la boxe et du kickboxing ! Plongez-vous dans un univers captivant o\u00f9 chaque texte est une fen\u00eatre ouverte sur des sujets vari\u00e9s, allant de la g\u00e9opolitique africaine aux questions de vie et de soci\u00e9t\u00e9.","sameAs":["https:\/\/www.facebook.com\/zackmwekassa0","https:\/\/www.instagram.com\/zackmwekassa0","https:\/\/x.com\/https:\/\/www.twitter.com\/zackmwekassa0","https:\/\/www.youtube.com\/@zackmwekassamotivation4525","https:\/\/en.wikipedia.org\/wiki\/Zack_Mwekassa"],"gender":"homme","award":["Champion Kick Boxing"],"knowsAbout":["Investissement"],"knowsLanguage":["Fran\u00e7ais","Anglais","Congo"],"url":"https:\/\/zackmwekassa.org\/en\/author\/reports\/"},{"@type":"ImageObject","inLanguage":"en-US","@id":"https:\/\/zackmwekassa.org\/en\/france-in-shock-the-nahel-affair-symbol-of-rampant-racism\/#local-main-organization-logo","url":"https:\/\/zackmwekassa.org\/wp-content\/uploads\/2023\/06\/cropped-zack-mwekassa-icon.png","contentUrl":"https:\/\/zackmwekassa.org\/wp-content\/uploads\/2023\/06\/cropped-zack-mwekassa-icon.png","width":1920,"height":652,"caption":"Zack Mwekassa"}]}},"jetpack_featured_media_url":"https:\/\/zackmwekassa.org\/wp-content\/uploads\/2023\/07\/maxresdefault-43.jpg","jetpack_sharing_enabled":true,"_links":{"self":[{"href":"https:\/\/zackmwekassa.org\/en\/wp-json\/wp\/v2\/posts\/5987","targetHints":{"allow":["GET"]}}],"collection":[{"href":"https:\/\/zackmwekassa.org\/en\/wp-json\/wp\/v2\/posts"}],"about":[{"href":"https:\/\/zackmwekassa.org\/en\/wp-json\/wp\/v2\/types\/post"}],"author":[{"embeddable":true,"href":"https:\/\/zackmwekassa.org\/en\/wp-json\/wp\/v2\/users\/2"}],"replies":[{"embeddable":true,"href":"https:\/\/zackmwekassa.org\/en\/wp-json\/wp\/v2\/comments?post=5987"}],"version-history":[{"count":0,"href":"https:\/\/zackmwekassa.org\/en\/wp-json\/wp\/v2\/posts\/5987\/revisions"}],"wp:featuredmedia":[{"embeddable":true,"href":"https:\/\/zackmwekassa.org\/en\/wp-json\/wp\/v2\/media\/4839"}],"wp:attachment":[{"href":"https:\/\/zackmwekassa.org\/en\/wp-json\/wp\/v2\/media?parent=5987"}],"wp:term":[{"taxonomy":"category","embeddable":true,"href":"https:\/\/zackmwekassa.org\/en\/wp-json\/wp\/v2\/categories?post=5987"},{"taxonomy":"post_tag","embeddable":true,"href":"https:\/\/zackmwekassa.org\/en\/wp-json\/wp\/v2\/tags?post=5987"}],"curies":[{"name":"wp","href":"https:\/\/api.w.org\/{rel}","templated":true}]}}