{"id":5955,"date":"2023-08-01T08:32:52","date_gmt":"2023-08-01T08:32:52","guid":{"rendered":"https:\/\/zackmwekassa.org\/eff-calls-for-dalai-lamas-arrest-for-child-abuse\/"},"modified":"2023-08-01T08:32:52","modified_gmt":"2023-08-01T08:32:52","slug":"eff-calls-for-dalai-lamas-arrest-for-child-abuse","status":"publish","type":"post","link":"https:\/\/zackmwekassa.org\/en\/eff-calls-for-dalai-lamas-arrest-for-child-abuse\/","title":{"rendered":"EFF calls for Dalai Lama&#8217;s arrest for child abuse"},"content":{"rendered":"<p>Economic Freedom Fighters (EFF) call on police to arrest Dalai Lama for child abuse. The Dalai Lama, a respected spiritual figure in many places, is facing a request for his arrest following a recent incident.<\/p>\n<p>This appeal comes after a video showing an interaction between him and a child went viral. In the clip, the 87-year-old is seen kissing a young boy on the lips and asking him to suck his tongue at a public event. To this end, he published a video in which he apologized for his actions and regretted the incident.<\/p>\n<figure id=\"attachment_1014\" aria-describedby=\"caption-attachment-1014\" style=\"width: 858px\" class=\"wp-caption alignleft\"><img loading=\"lazy\" decoding=\"async\" class=\"wp-image-1014 size-large\" src=\"https:\/\/zackmwekassa.org\/wp-content\/uploads\/2023\/07\/happiness-dalai-lama-bhutan-1024x576.jpg\" alt=\"\" width=\"858\" height=\"483\" srcset=\"https:\/\/zackmwekassa.org\/wp-content\/uploads\/2023\/07\/happiness-dalai-lama-bhutan-1024x576.jpg 1024w, https:\/\/zackmwekassa.org\/wp-content\/uploads\/2023\/07\/happiness-dalai-lama-bhutan-300x169.jpg 300w, https:\/\/zackmwekassa.org\/wp-content\/uploads\/2023\/07\/happiness-dalai-lama-bhutan-768x432.jpg 768w, https:\/\/zackmwekassa.org\/wp-content\/uploads\/2023\/07\/happiness-dalai-lama-bhutan-1536x864.jpg 1536w, https:\/\/zackmwekassa.org\/wp-content\/uploads\/2023\/07\/happiness-dalai-lama-bhutan.jpg 1600w\" sizes=\"auto, (max-width: 858px) 100vw, 858px\" \/><figcaption id=\"caption-attachment-1014\" class=\"wp-caption-text\"><em>The Dalai Lama: a religious leader<\/em><\/figcaption><\/figure>\n<p>Tenzin Gyatso is the 14th Dalai Lama, recognized as a reincarnation of his predecessor and currently the highest spiritual leader in Tibet. He was awarded the Nobel Peace Prize in 1989 in recognition of his struggle against violence and his advocacy of Tibet&#8217;s liberation from Chinese domination. He is also universally recognized as a political and religious leader.<\/p>\n<p>The reaction to this incident was controversial. Some argue that this does not meet the standards of respect and ownership, given the Dalai Lama&#8217;s stature. Others point out that in Tibetan culture, it&#8217;s common for older people to give food through their mouths to younger people, and that the expression &#8220;eat my tongue&#8221; is a playful one. However, abuse in the spiritual context is a recurring problem in many cultures, including Africa, where some people are manipulated and abused by religious representatives.<\/p>\n<blockquote><p><strong>Read more: <a href=\"https:\/\/zackmwekassa.org\/meurtre-en-masse-au-kenya-le-pasteur-mackenzie-accuse-dabus-et-de-meurtre-envers-ses-fideles\/\">Mass murder in Kenya: &#8220;Pastor Mackenzie&#8221; accused of abusing and killing his followers<\/a><\/strong><\/p><\/blockquote>\n<div id=\"ez-toc-container\" class=\"ez-toc-v2_0_82_2 counter-hierarchy ez-toc-counter ez-toc-transparent ez-toc-container-direction\">\n<div class=\"ez-toc-title-container\">\n<p class=\"ez-toc-title\" style=\"cursor:inherit\">Table of Contents<\/p>\n<span class=\"ez-toc-title-toggle\"><a href=\"#\" class=\"ez-toc-pull-right ez-toc-btn ez-toc-btn-xs ez-toc-btn-default ez-toc-toggle\" aria-label=\"Toggle Table of Content\"><span class=\"ez-toc-js-icon-con\"><span class=\"\"><span class=\"eztoc-hide\" style=\"display:none;\">Toggle<\/span><span class=\"ez-toc-icon-toggle-span\"><svg style=\"fill: #dd3333;color:#dd3333\" xmlns=\"http:\/\/www.w3.org\/2000\/svg\" class=\"list-377408\" width=\"20px\" height=\"20px\" viewBox=\"0 0 24 24\" fill=\"none\"><path d=\"M6 6H4v2h2V6zm14 0H8v2h12V6zM4 11h2v2H4v-2zm16 0H8v2h12v-2zM4 16h2v2H4v-2zm16 0H8v2h12v-2z\" fill=\"currentColor\"><\/path><\/svg><svg style=\"fill: #dd3333;color:#dd3333\" class=\"arrow-unsorted-368013\" xmlns=\"http:\/\/www.w3.org\/2000\/svg\" width=\"10px\" height=\"10px\" viewBox=\"0 0 24 24\" version=\"1.2\" baseProfile=\"tiny\"><path d=\"M18.2 9.3l-6.2-6.3-6.2 6.3c-.2.2-.3.4-.3.7s.1.5.3.7c.2.2.4.3.7.3h11c.3 0 .5-.1.7-.3.2-.2.3-.5.3-.7s-.1-.5-.3-.7zM5.8 14.7l6.2 6.3 6.2-6.3c.2-.2.3-.5.3-.7s-.1-.5-.3-.7c-.2-.2-.4-.3-.7-.3h-11c-.3 0-.5.1-.7.3-.2.2-.3.5-.3.7s.1.5.3.7z\"\/><\/svg><\/span><\/span><\/span><\/a><\/span><\/div>\n<nav><ul class='ez-toc-list ez-toc-list-level-1 eztoc-toggle-hide-by-default' ><li class='ez-toc-page-1 ez-toc-heading-level-2'><a class=\"ez-toc-link ez-toc-heading-1\" href=\"https:\/\/zackmwekassa.org\/en\/eff-calls-for-dalai-lamas-arrest-for-child-abuse\/#The_Dalai_Lamas_belated_reaction_EFF_demands_concrete_measures\" >The Dalai Lama&#8217;s belated reaction: EFF demands concrete measures<\/a><\/li><li class='ez-toc-page-1 ez-toc-heading-level-2'><a class=\"ez-toc-link ez-toc-heading-2\" href=\"https:\/\/zackmwekassa.org\/en\/eff-calls-for-dalai-lamas-arrest-for-child-abuse\/#Breaking_the_silence_Abuse_manipulation_and_vigilance_in_families_and_communities\" >Breaking the silence: Abuse, manipulation and vigilance in families and communities<\/a><\/li><li class='ez-toc-page-1 ez-toc-heading-level-2'><a class=\"ez-toc-link ez-toc-heading-3\" href=\"https:\/\/zackmwekassa.org\/en\/eff-calls-for-dalai-lamas-arrest-for-child-abuse\/#Totally_inspired_by_Zack_Mwekassas_video\" >Totally inspired by Zack Mwekassa&#8217;s video<\/a><\/li><\/ul><\/nav><\/div>\n<h2><span class=\"ez-toc-section\" id=\"The_Dalai_Lamas_belated_reaction_EFF_demands_concrete_measures\"><\/span>The Dalai Lama&#8217;s belated reaction: EFF demands concrete measures<span class=\"ez-toc-section-end\"><\/span><\/h2>\n<p>Following the Dalai Lama&#8217;s apology, the EFF, a South African political party, said that despite his apology, it was not acceptable that he had intervened a month after the incident. Indeed, after the publication of this video, which caused a worldwide buzz, the spiritual leader did not speak out until a month after the incident. The political party said the Indian authorities should send a stern warning to child abusers, whatever their status.<\/p>\n<h2><span class=\"ez-toc-section\" id=\"Breaking_the_silence_Abuse_manipulation_and_vigilance_in_families_and_communities\"><\/span>Breaking the silence: Abuse, manipulation and vigilance in families and communities<span class=\"ez-toc-section-end\"><\/span><\/h2>\n<div class=\"flex-1 overflow-hidden\">\n<div class=\"react-scroll-to-bottom--css-imypm-79elbk h-full dark:bg-gray-800\">\n<div class=\"react-scroll-to-bottom--css-imypm-1n7m0yu\">\n<div class=\"flex flex-col text-sm dark:bg-gray-800\">\n<div class=\"group w-full text-token-text-primary border-b border-black\/10 dark:border-gray-900\/50 bg-gray-50 dark:bg-[#444654]\">\n<div class=\"flex p-4 gap-4 text-base md:gap-6 md:max-w-2xl lg:max-w-[38rem] xl:max-w-3xl md:py-6 lg:px-0 m-auto\">\n<div class=\"relative flex w-[calc(100%-50px)] flex-col gap-1 md:gap-3 lg:w-[calc(100%-115px)]\">\n<div class=\"flex flex-grow flex-col gap-3\">\n<div class=\"min-h-[20px] flex flex-col items-start gap-3 overflow-x-auto whitespace-pre-wrap break-words\">\n<div class=\"markdown prose w-full break-words dark:prose-invert light\">\n<p>It is of the utmost importance to recognize that abuse and manipulation occur within many families and communities, requiring frank discussion to protect the most vulnerable individuals. Africa, notably Kenya, has unfortunately seen an alarming example of this dynamic, with a pastor inciting his followers to undertake a 40-day period of prayer in a forest with a view to meeting Christ. However, the result was tragic, leaving behind a trail of remains found in the forest.<\/p>\n<p>When faced with such situations, it becomes imperative to use discernment and critical thinking when someone urges you to perform particular acts. Encouraging a culture of vigilance and education within communities is crucial. Education on recognizing the signs of abuse, the importance of reporting suspicious handling and promoting open communication can play a significant role in protecting vulnerable individuals. Moreover, religious authorities and community leaders have a major role to play in offering ethical guidance, advocating caution in the face of dubious requests, and providing resources for learning to discern and react responsibly.<\/p>\n<\/div>\n<\/div>\n<\/div>\n<\/div>\n<\/div>\n<\/div>\n<\/div>\n<\/div>\n<\/div>\n<\/div>\n<h2><span class=\"ez-toc-section\" id=\"Totally_inspired_by_Zack_Mwekassas_video\"><\/span>Totally inspired by Zack Mwekassa&#8217;s video<span class=\"ez-toc-section-end\"><\/span><\/h2>\n<p><iframe loading=\"lazy\" title=\"POURQUOI LE DALAI LAMA A MIS SA LANGUE DANS LA BOUCHE DU ...\" width=\"500\" height=\"281\" src=\"https:\/\/www.youtube.com\/embed\/zF3lbAH-jgk?feature=oembed\" frameborder=\"0\" allow=\"accelerometer; autoplay; clipboard-write; encrypted-media; gyroscope; picture-in-picture; web-share\" referrerpolicy=\"strict-origin-when-cross-origin\" allowfullscreen><\/iframe><\/p>\n","protected":false},"excerpt":{"rendered":"<p>Economic Freedom Fighters (EFF) call on police to arrest Dalai Lama for child abuse. The Dalai Lama, a respected spiritual figure in many places, is facing a request for his arrest following a recent incident.<\/p>\n","protected":false},"author":2,"featured_media":4760,"comment_status":"open","ping_status":"open","sticky":false,"template":"","format":"standard","meta":{"_jetpack_memberships_contains_paid_content":false,"footnotes":""},"categories":[32,1484,1470],"tags":[1480,1502,1628,1629,1494],"class_list":["post-5955","post","type-post","status-publish","format-standard","has-post-thumbnail","hentry","category-by-zack","category-diplomacy","category-life","tag-abuse","tag-arrest","tag-dalai-lama-en","tag-religious-authorities","tag-south-africa"],"yoast_head":"<!-- This site is optimized with the Yoast SEO Premium plugin v23.7 (Yoast SEO v27.5) - https:\/\/yoast.com\/product\/yoast-seo-premium-wordpress\/ -->\n<title>EFF calls for Dalai Lama&#039;s arrest for child abuse - Zack Mwekassa<\/title>\n<meta name=\"description\" content=\"Economic Freedom Fighters (EFF) call on police to arrest Dalai Lama for child abuse. The Dalai Lama, a respected spiritual figure in many places, is facing a request for his arrest following a recent incident.\" \/>\n<meta name=\"robots\" content=\"index, follow, max-snippet:-1, max-image-preview:large, max-video-preview:-1\" \/>\n<link rel=\"canonical\" href=\"https:\/\/zackmwekassa.org\/en\/eff-calls-for-dalai-lamas-arrest-for-child-abuse\/\" \/>\n<meta property=\"og:locale\" content=\"en_US\" \/>\n<meta property=\"og:type\" content=\"article\" \/>\n<meta property=\"og:title\" content=\"EFF calls for Dalai Lama&#039;s arrest for child abuse\" \/>\n<meta property=\"og:description\" content=\"Economic Freedom Fighters (EFF) call on police to arrest Dalai Lama for child abuse. The Dalai Lama, a respected spiritual figure in many places, is facing a request for his arrest following a recent incident.\" \/>\n<meta property=\"og:url\" content=\"https:\/\/zackmwekassa.org\/en\/eff-calls-for-dalai-lamas-arrest-for-child-abuse\/\" \/>\n<meta property=\"og:site_name\" content=\"Zack Mwekassa\" \/>\n<meta property=\"article:author\" content=\"https:\/\/www.facebook.com\/zackmwekassa0\" \/>\n<meta property=\"article:published_time\" content=\"2023-08-01T08:32:52+00:00\" \/>\n<meta property=\"og:image\" content=\"https:\/\/zackmwekassa.org\/wp-content\/uploads\/2023\/07\/maxresdefault-17-1-1024x576.jpg\" \/>\n<meta name=\"author\" content=\"Reports\" \/>\n<meta name=\"twitter:card\" content=\"summary_large_image\" \/>\n<meta name=\"twitter:title\" content=\"EFF calls for Dalai Lama&#039;s arrest for child abuse\" \/>\n<meta name=\"twitter:description\" content=\"Economic Freedom Fighters (EFF) call on police to arrest Dalai Lama for child abuse. The Dalai Lama, a respected spiritual figure in many places, is facing a request for his arrest following a recent incident.\" \/>\n<meta name=\"twitter:image\" content=\"https:\/\/zackmwekassa.org\/wp-content\/uploads\/2023\/07\/maxresdefault-17-1-1024x576.jpg\" \/>\n<meta name=\"twitter:creator\" content=\"@https:\/\/www.twitter.com\/zackmwekassa0\" \/>\n<meta name=\"twitter:label1\" content=\"Written by\" \/>\n\t<meta name=\"twitter:data1\" content=\"Reports\" \/>\n\t<meta name=\"twitter:label2\" content=\"Est. reading time\" \/>\n\t<meta name=\"twitter:data2\" content=\"3 minutes\" \/>\n<script type=\"application\/ld+json\" class=\"yoast-schema-graph\">{\"@context\":\"https:\\\/\\\/schema.org\",\"@graph\":[{\"@type\":\"Article\",\"@id\":\"https:\\\/\\\/zackmwekassa.org\\\/en\\\/eff-calls-for-dalai-lamas-arrest-for-child-abuse\\\/#article\",\"isPartOf\":{\"@id\":\"https:\\\/\\\/zackmwekassa.org\\\/en\\\/eff-calls-for-dalai-lamas-arrest-for-child-abuse\\\/\"},\"author\":{\"name\":\"Reports\",\"@id\":\"https:\\\/\\\/zackmwekassa.org\\\/#\\\/schema\\\/person\\\/16020c21d5718ee21c6580fe71b5ad9f\"},\"headline\":\"EFF calls for Dalai Lama&#8217;s arrest for child abuse\",\"datePublished\":\"2023-08-01T08:32:52+00:00\",\"mainEntityOfPage\":{\"@id\":\"https:\\\/\\\/zackmwekassa.org\\\/en\\\/eff-calls-for-dalai-lamas-arrest-for-child-abuse\\\/\"},\"wordCount\":555,\"commentCount\":0,\"publisher\":{\"@id\":\"https:\\\/\\\/zackmwekassa.org\\\/#organization\"},\"image\":{\"@id\":\"https:\\\/\\\/zackmwekassa.org\\\/en\\\/eff-calls-for-dalai-lamas-arrest-for-child-abuse\\\/#primaryimage\"},\"thumbnailUrl\":\"https:\\\/\\\/zackmwekassa.org\\\/wp-content\\\/uploads\\\/2023\\\/07\\\/maxresdefault-17-1.jpg\",\"keywords\":[\"Abuse\",\"arrest\",\"Dalai Lama\",\"Religious authorities\",\"South Africa\"],\"articleSection\":[\"By Zack\",\"Diplomacy\",\"Life\"],\"inLanguage\":\"en-US\",\"potentialAction\":[{\"@type\":\"CommentAction\",\"name\":\"Comment\",\"target\":[\"https:\\\/\\\/zackmwekassa.org\\\/en\\\/eff-calls-for-dalai-lamas-arrest-for-child-abuse\\\/#respond\"]}]},{\"@type\":\"WebPage\",\"@id\":\"https:\\\/\\\/zackmwekassa.org\\\/en\\\/eff-calls-for-dalai-lamas-arrest-for-child-abuse\\\/\",\"url\":\"https:\\\/\\\/zackmwekassa.org\\\/en\\\/eff-calls-for-dalai-lamas-arrest-for-child-abuse\\\/\",\"name\":\"EFF calls for Dalai Lama's arrest for child abuse - Zack Mwekassa\",\"isPartOf\":{\"@id\":\"https:\\\/\\\/zackmwekassa.org\\\/#website\"},\"primaryImageOfPage\":{\"@id\":\"https:\\\/\\\/zackmwekassa.org\\\/en\\\/eff-calls-for-dalai-lamas-arrest-for-child-abuse\\\/#primaryimage\"},\"image\":{\"@id\":\"https:\\\/\\\/zackmwekassa.org\\\/en\\\/eff-calls-for-dalai-lamas-arrest-for-child-abuse\\\/#primaryimage\"},\"thumbnailUrl\":\"https:\\\/\\\/zackmwekassa.org\\\/wp-content\\\/uploads\\\/2023\\\/07\\\/maxresdefault-17-1.jpg\",\"datePublished\":\"2023-08-01T08:32:52+00:00\",\"description\":\"Economic Freedom Fighters (EFF) call on police to arrest Dalai Lama for child abuse. The Dalai Lama, a respected spiritual figure in many places, is facing a request for his arrest following a recent incident.\",\"breadcrumb\":{\"@id\":\"https:\\\/\\\/zackmwekassa.org\\\/en\\\/eff-calls-for-dalai-lamas-arrest-for-child-abuse\\\/#breadcrumb\"},\"inLanguage\":\"en-US\",\"potentialAction\":[{\"@type\":\"ReadAction\",\"target\":[\"https:\\\/\\\/zackmwekassa.org\\\/en\\\/eff-calls-for-dalai-lamas-arrest-for-child-abuse\\\/\"]}]},{\"@type\":\"ImageObject\",\"inLanguage\":\"en-US\",\"@id\":\"https:\\\/\\\/zackmwekassa.org\\\/en\\\/eff-calls-for-dalai-lamas-arrest-for-child-abuse\\\/#primaryimage\",\"url\":\"https:\\\/\\\/zackmwekassa.org\\\/wp-content\\\/uploads\\\/2023\\\/07\\\/maxresdefault-17-1.jpg\",\"contentUrl\":\"https:\\\/\\\/zackmwekassa.org\\\/wp-content\\\/uploads\\\/2023\\\/07\\\/maxresdefault-17-1.jpg\",\"width\":1280,\"height\":720,\"caption\":\"L'EFF ordonne l'arrestation d'une autorit\u00e9 religieuse indienne apr\u00e8s avoir commis un acte insolite\"},{\"@type\":\"BreadcrumbList\",\"@id\":\"https:\\\/\\\/zackmwekassa.org\\\/en\\\/eff-calls-for-dalai-lamas-arrest-for-child-abuse\\\/#breadcrumb\",\"itemListElement\":[{\"@type\":\"ListItem\",\"position\":1,\"name\":\"Accueil\",\"item\":\"https:\\\/\\\/zackmwekassa.org\\\/en\\\/\"},{\"@type\":\"ListItem\",\"position\":2,\"name\":\"EFF calls for Dalai Lama&rsquo;s arrest for child abuse\"}]},{\"@type\":\"WebSite\",\"@id\":\"https:\\\/\\\/zackmwekassa.org\\\/#website\",\"url\":\"https:\\\/\\\/zackmwekassa.org\\\/\",\"name\":\"Zack Mwekassa\",\"description\":\"Le guerrier noir, votre fr\u00e8re !\",\"publisher\":{\"@id\":\"https:\\\/\\\/zackmwekassa.org\\\/#organization\"},\"potentialAction\":[{\"@type\":\"SearchAction\",\"target\":{\"@type\":\"EntryPoint\",\"urlTemplate\":\"https:\\\/\\\/zackmwekassa.org\\\/?s={search_term_string}\"},\"query-input\":{\"@type\":\"PropertyValueSpecification\",\"valueRequired\":true,\"valueName\":\"search_term_string\"}}],\"inLanguage\":\"en-US\"},{\"@type\":[\"Organization\",\"Place\"],\"@id\":\"https:\\\/\\\/zackmwekassa.org\\\/#organization\",\"name\":\"Zack Mwekassa\",\"url\":\"https:\\\/\\\/zackmwekassa.org\\\/\",\"logo\":{\"@id\":\"https:\\\/\\\/zackmwekassa.org\\\/en\\\/eff-calls-for-dalai-lamas-arrest-for-child-abuse\\\/#local-main-organization-logo\"},\"image\":{\"@id\":\"https:\\\/\\\/zackmwekassa.org\\\/en\\\/eff-calls-for-dalai-lamas-arrest-for-child-abuse\\\/#local-main-organization-logo\"},\"telephone\":[],\"openingHoursSpecification\":[{\"@type\":\"OpeningHoursSpecification\",\"dayOfWeek\":[\"Monday\",\"Tuesday\",\"Wednesday\",\"Thursday\",\"Friday\",\"Saturday\",\"Sunday\"],\"opens\":\"09:00\",\"closes\":\"17:00\"}]},{\"@type\":\"Person\",\"@id\":\"https:\\\/\\\/zackmwekassa.org\\\/#\\\/schema\\\/person\\\/16020c21d5718ee21c6580fe71b5ad9f\",\"name\":\"Reports\",\"image\":{\"@type\":\"ImageObject\",\"inLanguage\":\"en-US\",\"@id\":\"https:\\\/\\\/secure.gravatar.com\\\/avatar\\\/9ffa1dfb2a3e36f2dee2ea1639176308c4cfdfe65f9422051ff3e19478b65d54?s=96&d=mm&r=g\",\"url\":\"https:\\\/\\\/secure.gravatar.com\\\/avatar\\\/9ffa1dfb2a3e36f2dee2ea1639176308c4cfdfe65f9422051ff3e19478b65d54?s=96&d=mm&r=g\",\"contentUrl\":\"https:\\\/\\\/secure.gravatar.com\\\/avatar\\\/9ffa1dfb2a3e36f2dee2ea1639176308c4cfdfe65f9422051ff3e19478b65d54?s=96&d=mm&r=g\",\"caption\":\"Reports\"},\"description\":\"D\u00e9couvrez le passionnant monde des articles pr\u00e9sent\u00e9s par Zack Mwekassa, une figure embl\u00e9matique de la boxe et du kickboxing ! Plongez-vous dans un univers captivant o\u00f9 chaque texte est une fen\u00eatre ouverte sur des sujets vari\u00e9s, allant de la g\u00e9opolitique africaine aux questions de vie et de soci\u00e9t\u00e9.\",\"sameAs\":[\"https:\\\/\\\/www.facebook.com\\\/zackmwekassa0\",\"https:\\\/\\\/www.instagram.com\\\/zackmwekassa0\",\"https:\\\/\\\/x.com\\\/https:\\\/\\\/www.twitter.com\\\/zackmwekassa0\",\"https:\\\/\\\/www.youtube.com\\\/@zackmwekassamotivation4525\",\"https:\\\/\\\/en.wikipedia.org\\\/wiki\\\/Zack_Mwekassa\"],\"gender\":\"homme\",\"award\":[\"Champion Kick Boxing\"],\"knowsAbout\":[\"Investissement\"],\"knowsLanguage\":[\"Fran\u00e7ais\",\"Anglais\",\"Congo\"],\"url\":\"https:\\\/\\\/zackmwekassa.org\\\/en\\\/author\\\/reports\\\/\"},{\"@type\":\"ImageObject\",\"inLanguage\":\"en-US\",\"@id\":\"https:\\\/\\\/zackmwekassa.org\\\/en\\\/eff-calls-for-dalai-lamas-arrest-for-child-abuse\\\/#local-main-organization-logo\",\"url\":\"https:\\\/\\\/zackmwekassa.org\\\/wp-content\\\/uploads\\\/2023\\\/06\\\/cropped-zack-mwekassa-icon.png\",\"contentUrl\":\"https:\\\/\\\/zackmwekassa.org\\\/wp-content\\\/uploads\\\/2023\\\/06\\\/cropped-zack-mwekassa-icon.png\",\"width\":1920,\"height\":652,\"caption\":\"Zack Mwekassa\"}]}<\/script>\n<!-- \/ Yoast SEO Premium plugin. -->","yoast_head_json":{"title":"EFF calls for Dalai Lama's arrest for child abuse - Zack Mwekassa","description":"Economic Freedom Fighters (EFF) call on police to arrest Dalai Lama for child abuse. The Dalai Lama, a respected spiritual figure in many places, is facing a request for his arrest following a recent incident.","robots":{"index":"index","follow":"follow","max-snippet":"max-snippet:-1","max-image-preview":"max-image-preview:large","max-video-preview":"max-video-preview:-1"},"canonical":"https:\/\/zackmwekassa.org\/en\/eff-calls-for-dalai-lamas-arrest-for-child-abuse\/","og_locale":"en_US","og_type":"article","og_title":"EFF calls for Dalai Lama's arrest for child abuse","og_description":"Economic Freedom Fighters (EFF) call on police to arrest Dalai Lama for child abuse. The Dalai Lama, a respected spiritual figure in many places, is facing a request for his arrest following a recent incident.","og_url":"https:\/\/zackmwekassa.org\/en\/eff-calls-for-dalai-lamas-arrest-for-child-abuse\/","og_site_name":"Zack Mwekassa","article_author":"https:\/\/www.facebook.com\/zackmwekassa0","article_published_time":"2023-08-01T08:32:52+00:00","og_image":[{"url":"https:\/\/zackmwekassa.org\/wp-content\/uploads\/2023\/07\/maxresdefault-17-1-1024x576.jpg","type":"","width":"","height":""}],"author":"Reports","twitter_card":"summary_large_image","twitter_title":"EFF calls for Dalai Lama's arrest for child abuse","twitter_description":"Economic Freedom Fighters (EFF) call on police to arrest Dalai Lama for child abuse. The Dalai Lama, a respected spiritual figure in many places, is facing a request for his arrest following a recent incident.","twitter_image":"https:\/\/zackmwekassa.org\/wp-content\/uploads\/2023\/07\/maxresdefault-17-1-1024x576.jpg","twitter_creator":"@https:\/\/www.twitter.com\/zackmwekassa0","twitter_misc":{"Written by":"Reports","Est. reading time":"3 minutes"},"schema":{"@context":"https:\/\/schema.org","@graph":[{"@type":"Article","@id":"https:\/\/zackmwekassa.org\/en\/eff-calls-for-dalai-lamas-arrest-for-child-abuse\/#article","isPartOf":{"@id":"https:\/\/zackmwekassa.org\/en\/eff-calls-for-dalai-lamas-arrest-for-child-abuse\/"},"author":{"name":"Reports","@id":"https:\/\/zackmwekassa.org\/#\/schema\/person\/16020c21d5718ee21c6580fe71b5ad9f"},"headline":"EFF calls for Dalai Lama&#8217;s arrest for child abuse","datePublished":"2023-08-01T08:32:52+00:00","mainEntityOfPage":{"@id":"https:\/\/zackmwekassa.org\/en\/eff-calls-for-dalai-lamas-arrest-for-child-abuse\/"},"wordCount":555,"commentCount":0,"publisher":{"@id":"https:\/\/zackmwekassa.org\/#organization"},"image":{"@id":"https:\/\/zackmwekassa.org\/en\/eff-calls-for-dalai-lamas-arrest-for-child-abuse\/#primaryimage"},"thumbnailUrl":"https:\/\/zackmwekassa.org\/wp-content\/uploads\/2023\/07\/maxresdefault-17-1.jpg","keywords":["Abuse","arrest","Dalai Lama","Religious authorities","South Africa"],"articleSection":["By Zack","Diplomacy","Life"],"inLanguage":"en-US","potentialAction":[{"@type":"CommentAction","name":"Comment","target":["https:\/\/zackmwekassa.org\/en\/eff-calls-for-dalai-lamas-arrest-for-child-abuse\/#respond"]}]},{"@type":"WebPage","@id":"https:\/\/zackmwekassa.org\/en\/eff-calls-for-dalai-lamas-arrest-for-child-abuse\/","url":"https:\/\/zackmwekassa.org\/en\/eff-calls-for-dalai-lamas-arrest-for-child-abuse\/","name":"EFF calls for Dalai Lama's arrest for child abuse - Zack Mwekassa","isPartOf":{"@id":"https:\/\/zackmwekassa.org\/#website"},"primaryImageOfPage":{"@id":"https:\/\/zackmwekassa.org\/en\/eff-calls-for-dalai-lamas-arrest-for-child-abuse\/#primaryimage"},"image":{"@id":"https:\/\/zackmwekassa.org\/en\/eff-calls-for-dalai-lamas-arrest-for-child-abuse\/#primaryimage"},"thumbnailUrl":"https:\/\/zackmwekassa.org\/wp-content\/uploads\/2023\/07\/maxresdefault-17-1.jpg","datePublished":"2023-08-01T08:32:52+00:00","description":"Economic Freedom Fighters (EFF) call on police to arrest Dalai Lama for child abuse. The Dalai Lama, a respected spiritual figure in many places, is facing a request for his arrest following a recent incident.","breadcrumb":{"@id":"https:\/\/zackmwekassa.org\/en\/eff-calls-for-dalai-lamas-arrest-for-child-abuse\/#breadcrumb"},"inLanguage":"en-US","potentialAction":[{"@type":"ReadAction","target":["https:\/\/zackmwekassa.org\/en\/eff-calls-for-dalai-lamas-arrest-for-child-abuse\/"]}]},{"@type":"ImageObject","inLanguage":"en-US","@id":"https:\/\/zackmwekassa.org\/en\/eff-calls-for-dalai-lamas-arrest-for-child-abuse\/#primaryimage","url":"https:\/\/zackmwekassa.org\/wp-content\/uploads\/2023\/07\/maxresdefault-17-1.jpg","contentUrl":"https:\/\/zackmwekassa.org\/wp-content\/uploads\/2023\/07\/maxresdefault-17-1.jpg","width":1280,"height":720,"caption":"L'EFF ordonne l'arrestation d'une autorit\u00e9 religieuse indienne apr\u00e8s avoir commis un acte insolite"},{"@type":"BreadcrumbList","@id":"https:\/\/zackmwekassa.org\/en\/eff-calls-for-dalai-lamas-arrest-for-child-abuse\/#breadcrumb","itemListElement":[{"@type":"ListItem","position":1,"name":"Accueil","item":"https:\/\/zackmwekassa.org\/en\/"},{"@type":"ListItem","position":2,"name":"EFF calls for Dalai Lama&rsquo;s arrest for child abuse"}]},{"@type":"WebSite","@id":"https:\/\/zackmwekassa.org\/#website","url":"https:\/\/zackmwekassa.org\/","name":"Zack Mwekassa","description":"Le guerrier noir, votre fr\u00e8re !","publisher":{"@id":"https:\/\/zackmwekassa.org\/#organization"},"potentialAction":[{"@type":"SearchAction","target":{"@type":"EntryPoint","urlTemplate":"https:\/\/zackmwekassa.org\/?s={search_term_string}"},"query-input":{"@type":"PropertyValueSpecification","valueRequired":true,"valueName":"search_term_string"}}],"inLanguage":"en-US"},{"@type":["Organization","Place"],"@id":"https:\/\/zackmwekassa.org\/#organization","name":"Zack Mwekassa","url":"https:\/\/zackmwekassa.org\/","logo":{"@id":"https:\/\/zackmwekassa.org\/en\/eff-calls-for-dalai-lamas-arrest-for-child-abuse\/#local-main-organization-logo"},"image":{"@id":"https:\/\/zackmwekassa.org\/en\/eff-calls-for-dalai-lamas-arrest-for-child-abuse\/#local-main-organization-logo"},"telephone":[],"openingHoursSpecification":[{"@type":"OpeningHoursSpecification","dayOfWeek":["Monday","Tuesday","Wednesday","Thursday","Friday","Saturday","Sunday"],"opens":"09:00","closes":"17:00"}]},{"@type":"Person","@id":"https:\/\/zackmwekassa.org\/#\/schema\/person\/16020c21d5718ee21c6580fe71b5ad9f","name":"Reports","image":{"@type":"ImageObject","inLanguage":"en-US","@id":"https:\/\/secure.gravatar.com\/avatar\/9ffa1dfb2a3e36f2dee2ea1639176308c4cfdfe65f9422051ff3e19478b65d54?s=96&d=mm&r=g","url":"https:\/\/secure.gravatar.com\/avatar\/9ffa1dfb2a3e36f2dee2ea1639176308c4cfdfe65f9422051ff3e19478b65d54?s=96&d=mm&r=g","contentUrl":"https:\/\/secure.gravatar.com\/avatar\/9ffa1dfb2a3e36f2dee2ea1639176308c4cfdfe65f9422051ff3e19478b65d54?s=96&d=mm&r=g","caption":"Reports"},"description":"D\u00e9couvrez le passionnant monde des articles pr\u00e9sent\u00e9s par Zack Mwekassa, une figure embl\u00e9matique de la boxe et du kickboxing ! Plongez-vous dans un univers captivant o\u00f9 chaque texte est une fen\u00eatre ouverte sur des sujets vari\u00e9s, allant de la g\u00e9opolitique africaine aux questions de vie et de soci\u00e9t\u00e9.","sameAs":["https:\/\/www.facebook.com\/zackmwekassa0","https:\/\/www.instagram.com\/zackmwekassa0","https:\/\/x.com\/https:\/\/www.twitter.com\/zackmwekassa0","https:\/\/www.youtube.com\/@zackmwekassamotivation4525","https:\/\/en.wikipedia.org\/wiki\/Zack_Mwekassa"],"gender":"homme","award":["Champion Kick Boxing"],"knowsAbout":["Investissement"],"knowsLanguage":["Fran\u00e7ais","Anglais","Congo"],"url":"https:\/\/zackmwekassa.org\/en\/author\/reports\/"},{"@type":"ImageObject","inLanguage":"en-US","@id":"https:\/\/zackmwekassa.org\/en\/eff-calls-for-dalai-lamas-arrest-for-child-abuse\/#local-main-organization-logo","url":"https:\/\/zackmwekassa.org\/wp-content\/uploads\/2023\/06\/cropped-zack-mwekassa-icon.png","contentUrl":"https:\/\/zackmwekassa.org\/wp-content\/uploads\/2023\/06\/cropped-zack-mwekassa-icon.png","width":1920,"height":652,"caption":"Zack Mwekassa"}]}},"jetpack_featured_media_url":"https:\/\/zackmwekassa.org\/wp-content\/uploads\/2023\/07\/maxresdefault-17-1.jpg","jetpack_sharing_enabled":true,"_links":{"self":[{"href":"https:\/\/zackmwekassa.org\/en\/wp-json\/wp\/v2\/posts\/5955","targetHints":{"allow":["GET"]}}],"collection":[{"href":"https:\/\/zackmwekassa.org\/en\/wp-json\/wp\/v2\/posts"}],"about":[{"href":"https:\/\/zackmwekassa.org\/en\/wp-json\/wp\/v2\/types\/post"}],"author":[{"embeddable":true,"href":"https:\/\/zackmwekassa.org\/en\/wp-json\/wp\/v2\/users\/2"}],"replies":[{"embeddable":true,"href":"https:\/\/zackmwekassa.org\/en\/wp-json\/wp\/v2\/comments?post=5955"}],"version-history":[{"count":0,"href":"https:\/\/zackmwekassa.org\/en\/wp-json\/wp\/v2\/posts\/5955\/revisions"}],"wp:featuredmedia":[{"embeddable":true,"href":"https:\/\/zackmwekassa.org\/en\/wp-json\/wp\/v2\/media\/4760"}],"wp:attachment":[{"href":"https:\/\/zackmwekassa.org\/en\/wp-json\/wp\/v2\/media?parent=5955"}],"wp:term":[{"taxonomy":"category","embeddable":true,"href":"https:\/\/zackmwekassa.org\/en\/wp-json\/wp\/v2\/categories?post=5955"},{"taxonomy":"post_tag","embeddable":true,"href":"https:\/\/zackmwekassa.org\/en\/wp-json\/wp\/v2\/tags?post=5955"}],"curies":[{"name":"wp","href":"https:\/\/api.w.org\/{rel}","templated":true}]}}