{"id":5896,"date":"2023-07-09T23:47:03","date_gmt":"2023-07-09T23:47:03","guid":{"rendered":"https:\/\/zackmwekassa.org\/the-truth-revealed-is-the-world-map-we-know-wrong\/"},"modified":"2023-07-09T23:47:03","modified_gmt":"2023-07-09T23:47:03","slug":"the-truth-revealed-is-the-world-map-we-know-wrong","status":"publish","type":"post","link":"https:\/\/zackmwekassa.org\/en\/the-truth-revealed-is-the-world-map-we-know-wrong\/","title":{"rendered":"The Truth Revealed: Is the world map we know wrong?"},"content":{"rendered":"<p>An investigation was carried out, bringing to light a shocking reality concerning the map of the world we&#8217;ve always known. Indeed, there is a significant distortion between the size of countries, altering our perception of reality. How was this false map created, and why is it being maintained? Let&#8217;s discover the real issues behind this cartographic representation.<\/p>\n<div id=\"ez-toc-container\" class=\"ez-toc-v2_0_82_2 counter-hierarchy ez-toc-counter ez-toc-transparent ez-toc-container-direction\">\n<div class=\"ez-toc-title-container\">\n<p class=\"ez-toc-title\" style=\"cursor:inherit\">Table of Contents<\/p>\n<span class=\"ez-toc-title-toggle\"><a href=\"#\" class=\"ez-toc-pull-right ez-toc-btn ez-toc-btn-xs ez-toc-btn-default ez-toc-toggle\" aria-label=\"Toggle Table of Content\"><span class=\"ez-toc-js-icon-con\"><span class=\"\"><span class=\"eztoc-hide\" style=\"display:none;\">Toggle<\/span><span class=\"ez-toc-icon-toggle-span\"><svg style=\"fill: #dd3333;color:#dd3333\" xmlns=\"http:\/\/www.w3.org\/2000\/svg\" class=\"list-377408\" width=\"20px\" height=\"20px\" viewBox=\"0 0 24 24\" fill=\"none\"><path d=\"M6 6H4v2h2V6zm14 0H8v2h12V6zM4 11h2v2H4v-2zm16 0H8v2h12v-2zM4 16h2v2H4v-2zm16 0H8v2h12v-2z\" fill=\"currentColor\"><\/path><\/svg><svg style=\"fill: #dd3333;color:#dd3333\" class=\"arrow-unsorted-368013\" xmlns=\"http:\/\/www.w3.org\/2000\/svg\" width=\"10px\" height=\"10px\" viewBox=\"0 0 24 24\" version=\"1.2\" baseProfile=\"tiny\"><path d=\"M18.2 9.3l-6.2-6.3-6.2 6.3c-.2.2-.3.4-.3.7s.1.5.3.7c.2.2.4.3.7.3h11c.3 0 .5-.1.7-.3.2-.2.3-.5.3-.7s-.1-.5-.3-.7zM5.8 14.7l6.2 6.3 6.2-6.3c.2-.2.3-.5.3-.7s-.1-.5-.3-.7c-.2-.2-.4-.3-.7-.3h-11c-.3 0-.5.1-.7.3-.2.2-.3.5-.3.7s.1.5.3.7z\"\/><\/svg><\/span><\/span><\/span><\/a><\/span><\/div>\n<nav><ul class='ez-toc-list ez-toc-list-level-1 eztoc-toggle-hide-by-default' ><li class='ez-toc-page-1 ez-toc-heading-level-2'><a class=\"ez-toc-link ez-toc-heading-1\" href=\"https:\/\/zackmwekassa.org\/en\/the-truth-revealed-is-the-world-map-we-know-wrong\/#The_origins_of_the_world_map\" >The origins of the world map<\/a><\/li><li class='ez-toc-page-1 ez-toc-heading-level-2'><a class=\"ez-toc-link ez-toc-heading-2\" href=\"https:\/\/zackmwekassa.org\/en\/the-truth-revealed-is-the-world-map-we-know-wrong\/#Revelations_from_James_Gall_and_Arnold_Peter\" >Revelations from James Gall and Arnold Peter<\/a><\/li><li class='ez-toc-page-1 ez-toc-heading-level-2'><a class=\"ez-toc-link ez-toc-heading-3\" href=\"https:\/\/zackmwekassa.org\/en\/the-truth-revealed-is-the-world-map-we-know-wrong\/#The_power_of_mental_perception\" >The power of mental perception<\/a><\/li><li class='ez-toc-page-1 ez-toc-heading-level-2'><a class=\"ez-toc-link ez-toc-heading-4\" href=\"https:\/\/zackmwekassa.org\/en\/the-truth-revealed-is-the-world-map-we-know-wrong\/#The_evils_of_misleading_trust\" >The evils of misleading trust<\/a><\/li><li class='ez-toc-page-1 ez-toc-heading-level-2'><a class=\"ez-toc-link ez-toc-heading-5\" href=\"https:\/\/zackmwekassa.org\/en\/the-truth-revealed-is-the-world-map-we-know-wrong\/#Totally_inspired_by_Zack_Mwekassas_video\" >Totally inspired by Zack Mwekassa&#8217;s video<\/a><\/li><\/ul><\/nav><\/div>\n<h2><span class=\"ez-toc-section\" id=\"The_origins_of_the_world_map\"><\/span>The origins of the world map<span class=\"ez-toc-section-end\"><\/span><\/h2>\n<p>In 1569, a Spanish merchant by the name of Gerardo Mercator drew up a map of the world that is widely used today. This map, known as the &#8220;Mercator projection&#8221;, is the one that has long been studied in geography schools, through which we can learn about our countries and the rest of the world. It had been designed with navigation in mind, to facilitate the voyages of European traders to Africa and America during the triangular trade. The latter was revolutionary and much appreciated by its fellow creatures.<\/p>\n<p>However, this map has a glaring distortion, drastically reducing the size of countries located in equatorial regions and giving exponential size to northern countries. Also, during the First World War, Mercator&#8217;s map was deemed strategically and globally dangerous, mainly by New Work time and many other publications, as it was not correct and therefore hindered the bombardment of enemy territories by warplanes.<\/p>\n<figure id=\"attachment_681\" aria-describedby=\"caption-attachment-681\" style=\"width: 640px\" class=\"wp-caption aligncenter\"><img loading=\"lazy\" decoding=\"async\" class=\"wp-image-681 \" src=\"https:\/\/zackmwekassa.org\/wp-content\/uploads\/2023\/07\/12819947-carte-du-monde-vierge-politique-projection-mercator-gratuit-vectoriel-1024x914.jpg\" alt=\"\" width=\"640\" height=\"571\" srcset=\"https:\/\/zackmwekassa.org\/wp-content\/uploads\/2023\/07\/12819947-carte-du-monde-vierge-politique-projection-mercator-gratuit-vectoriel-1024x914.jpg 1024w, https:\/\/zackmwekassa.org\/wp-content\/uploads\/2023\/07\/12819947-carte-du-monde-vierge-politique-projection-mercator-gratuit-vectoriel-300x268.jpg 300w, https:\/\/zackmwekassa.org\/wp-content\/uploads\/2023\/07\/12819947-carte-du-monde-vierge-politique-projection-mercator-gratuit-vectoriel-768x686.jpg 768w, https:\/\/zackmwekassa.org\/wp-content\/uploads\/2023\/07\/12819947-carte-du-monde-vierge-politique-projection-mercator-gratuit-vectoriel-1536x1371.jpg 1536w, https:\/\/zackmwekassa.org\/wp-content\/uploads\/2023\/07\/12819947-carte-du-monde-vierge-politique-projection-mercator-gratuit-vectoriel.jpg 1920w\" sizes=\"auto, (max-width: 640px) 100vw, 640px\" \/><figcaption id=\"caption-attachment-681\" class=\"wp-caption-text\"><em>Mercator projection<\/em><\/figcaption><\/figure>\n<blockquote><p><strong>A Lire: <a href=\"https:\/\/zackmwekassa.org\/la-necessite-dune-diplomatie-respectueuse-la-lecon-africaine-pour-les-grandes-puissances\/\">The need for respectful diplomacy: Africa&#8217;s lesson for the great powers<\/a><\/strong><\/p><\/blockquote>\n<h2><span class=\"ez-toc-section\" id=\"Revelations_from_James_Gall_and_Arnold_Peter\"><\/span>Revelations from James Gall and Arnold Peter<span class=\"ez-toc-section-end\"><\/span><\/h2>\n<p>It wasn&#8217;t until 1855 that geographer James Gall challenged Mercator&#8217;s map and proposed a fairer alternative. It was he who pointed out these obvious distortions, but was not taken into account. In the 1970s, German historian Arnold Peter came out strongly in support of James Gall&#8217;s theory, claiming that Mercator&#8217;s map was Euro-centric and reinforced the idea of Western imperialism. Unfortunately, it was also ignored, since the old map benefited Westerners anyway and aligned with their personal interests. Despite these revelations, Mercator&#8217;s map continues to be used and taught, fuelling distorted perceptions of the size and importance of countries.<\/p>\n<h2><span class=\"ez-toc-section\" id=\"The_power_of_mental_perception\"><\/span>The power of mental perception<span class=\"ez-toc-section-end\"><\/span><\/h2>\n<p>The misrepresentation of the size of countries has a major psychological impact on our perception of the world, especially in our societies where humans categorize things according to their size as opposed to their importance. When we see certain countries larger than others on the map, this indirectly influences our perception of their importance and power. Therefore, it is crucial to become aware of this manipulation and recognize the true greatness of each nation. Our value and power are not measured by what we can see on the map.<\/p>\n<h2><span class=\"ez-toc-section\" id=\"The_evils_of_misleading_trust\"><\/span>The evils of misleading trust<span class=\"ez-toc-section-end\"><\/span><\/h2>\n<p>Moreover, to claim our legitimate rights, it&#8217;s essential to develop a certain level of self-confidence. Unfortunately, from childhood we are conditioned to perceive some countries as more powerful than others. The portrayal of a white God in religions and the valorization of mastery of French as a sign of intelligence are examples of what we believe in things inculcated from childhood. We need to challenge these preconceptions.<\/p>\n<p>So the map of the world we&#8217;ve always known is not a faithful representation of reality. Voluntary distortions in country size have profound implications for our perception of the world and our self-confidence. It&#8217;s time to question these manipulations and rethink our understanding of the world around us.<\/p>\n<h2><span class=\"ez-toc-section\" id=\"Totally_inspired_by_Zack_Mwekassas_video\"><\/span>Totally inspired by Zack Mwekassa&#8217;s video<span class=\"ez-toc-section-end\"><\/span><\/h2>\n<p><iframe loading=\"lazy\" title=\"L&#039;AFRIQUE EST PLUS GRANDE QUE L&#039;EUROPE ET L&#039;AMERIQUE\" width=\"500\" height=\"281\" src=\"https:\/\/www.youtube.com\/embed\/ToMQQR0hfAI?feature=oembed\" frameborder=\"0\" allow=\"accelerometer; autoplay; clipboard-write; encrypted-media; gyroscope; picture-in-picture; web-share\" referrerpolicy=\"strict-origin-when-cross-origin\" allowfullscreen><\/iframe><\/p>\n","protected":false},"excerpt":{"rendered":"<p>An investigation was carried out, bringing to light a shocking reality concerning the map of the world we&#8217;ve always known.<\/p>\n","protected":false},"author":2,"featured_media":4617,"comment_status":"open","ping_status":"open","sticky":false,"template":"","format":"standard","meta":{"_jetpack_memberships_contains_paid_content":false,"footnotes":""},"categories":[1477,32,1483],"tags":[1578,1577],"class_list":["post-5896","post","type-post","status-publish","format-standard","has-post-thumbnail","hentry","category-africa-en","category-by-zack","category-geo-politics","tag-colonialism","tag-world-map"],"yoast_head":"<!-- This site is optimized with the Yoast SEO Premium plugin v23.7 (Yoast SEO v27.5) - https:\/\/yoast.com\/product\/yoast-seo-premium-wordpress\/ -->\n<title>The Truth Revealed: Is the world map we know wrong? - Zack Mwekassa<\/title>\n<meta name=\"description\" content=\"An investigation was carried out, bringing to light a shocking reality concerning the map of the world we&#039;ve always known.\" \/>\n<meta name=\"robots\" content=\"index, follow, max-snippet:-1, max-image-preview:large, max-video-preview:-1\" \/>\n<link rel=\"canonical\" href=\"https:\/\/zackmwekassa.org\/en\/the-truth-revealed-is-the-world-map-we-know-wrong\/\" \/>\n<meta property=\"og:locale\" content=\"en_US\" \/>\n<meta property=\"og:type\" content=\"article\" \/>\n<meta property=\"og:title\" content=\"The Truth Revealed: Is the world map we know wrong?\" \/>\n<meta property=\"og:description\" content=\"An investigation was carried out, bringing to light a shocking reality concerning the map of the world we&#039;ve always known.\" \/>\n<meta property=\"og:url\" content=\"https:\/\/zackmwekassa.org\/en\/the-truth-revealed-is-the-world-map-we-know-wrong\/\" \/>\n<meta property=\"og:site_name\" content=\"Zack Mwekassa\" \/>\n<meta property=\"article:author\" content=\"https:\/\/www.facebook.com\/zackmwekassa0\" \/>\n<meta property=\"article:published_time\" content=\"2023-07-09T23:47:03+00:00\" \/>\n<meta property=\"og:image\" content=\"https:\/\/zackmwekassa.org\/wp-content\/uploads\/2023\/07\/maxresdefault-15-1024x576.jpg\" \/>\n<meta name=\"author\" content=\"Reports\" \/>\n<meta name=\"twitter:card\" content=\"summary_large_image\" \/>\n<meta name=\"twitter:title\" content=\"The Truth Revealed: Is the world map we know wrong?\" \/>\n<meta name=\"twitter:description\" content=\"An investigation was carried out, bringing to light a shocking reality concerning the map of the world we&#039;ve always known.\" \/>\n<meta name=\"twitter:image\" content=\"https:\/\/zackmwekassa.org\/wp-content\/uploads\/2023\/07\/maxresdefault-15-1024x576.jpg\" \/>\n<meta name=\"twitter:creator\" content=\"@https:\/\/www.twitter.com\/zackmwekassa0\" \/>\n<meta name=\"twitter:label1\" content=\"Written by\" \/>\n\t<meta name=\"twitter:data1\" content=\"Reports\" \/>\n\t<meta name=\"twitter:label2\" content=\"Est. reading time\" \/>\n\t<meta name=\"twitter:data2\" content=\"3 minutes\" \/>\n<script type=\"application\/ld+json\" class=\"yoast-schema-graph\">{\"@context\":\"https:\\\/\\\/schema.org\",\"@graph\":[{\"@type\":\"Article\",\"@id\":\"https:\\\/\\\/zackmwekassa.org\\\/en\\\/the-truth-revealed-is-the-world-map-we-know-wrong\\\/#article\",\"isPartOf\":{\"@id\":\"https:\\\/\\\/zackmwekassa.org\\\/en\\\/the-truth-revealed-is-the-world-map-we-know-wrong\\\/\"},\"author\":{\"name\":\"Reports\",\"@id\":\"https:\\\/\\\/zackmwekassa.org\\\/#\\\/schema\\\/person\\\/16020c21d5718ee21c6580fe71b5ad9f\"},\"headline\":\"The Truth Revealed: Is the world map we know wrong?\",\"datePublished\":\"2023-07-09T23:47:03+00:00\",\"mainEntityOfPage\":{\"@id\":\"https:\\\/\\\/zackmwekassa.org\\\/en\\\/the-truth-revealed-is-the-world-map-we-know-wrong\\\/\"},\"wordCount\":593,\"commentCount\":0,\"publisher\":{\"@id\":\"https:\\\/\\\/zackmwekassa.org\\\/#organization\"},\"image\":{\"@id\":\"https:\\\/\\\/zackmwekassa.org\\\/en\\\/the-truth-revealed-is-the-world-map-we-know-wrong\\\/#primaryimage\"},\"thumbnailUrl\":\"https:\\\/\\\/zackmwekassa.org\\\/wp-content\\\/uploads\\\/2023\\\/07\\\/maxresdefault-15.jpg\",\"keywords\":[\"Colonialism\",\"world map\"],\"articleSection\":[\"Africa\",\"By Zack\",\"Geo-politics\"],\"inLanguage\":\"en-US\",\"potentialAction\":[{\"@type\":\"CommentAction\",\"name\":\"Comment\",\"target\":[\"https:\\\/\\\/zackmwekassa.org\\\/en\\\/the-truth-revealed-is-the-world-map-we-know-wrong\\\/#respond\"]}]},{\"@type\":\"WebPage\",\"@id\":\"https:\\\/\\\/zackmwekassa.org\\\/en\\\/the-truth-revealed-is-the-world-map-we-know-wrong\\\/\",\"url\":\"https:\\\/\\\/zackmwekassa.org\\\/en\\\/the-truth-revealed-is-the-world-map-we-know-wrong\\\/\",\"name\":\"The Truth Revealed: Is the world map we know wrong? - Zack Mwekassa\",\"isPartOf\":{\"@id\":\"https:\\\/\\\/zackmwekassa.org\\\/#website\"},\"primaryImageOfPage\":{\"@id\":\"https:\\\/\\\/zackmwekassa.org\\\/en\\\/the-truth-revealed-is-the-world-map-we-know-wrong\\\/#primaryimage\"},\"image\":{\"@id\":\"https:\\\/\\\/zackmwekassa.org\\\/en\\\/the-truth-revealed-is-the-world-map-we-know-wrong\\\/#primaryimage\"},\"thumbnailUrl\":\"https:\\\/\\\/zackmwekassa.org\\\/wp-content\\\/uploads\\\/2023\\\/07\\\/maxresdefault-15.jpg\",\"datePublished\":\"2023-07-09T23:47:03+00:00\",\"description\":\"An investigation was carried out, bringing to light a shocking reality concerning the map of the world we've always known.\",\"breadcrumb\":{\"@id\":\"https:\\\/\\\/zackmwekassa.org\\\/en\\\/the-truth-revealed-is-the-world-map-we-know-wrong\\\/#breadcrumb\"},\"inLanguage\":\"en-US\",\"potentialAction\":[{\"@type\":\"ReadAction\",\"target\":[\"https:\\\/\\\/zackmwekassa.org\\\/en\\\/the-truth-revealed-is-the-world-map-we-know-wrong\\\/\"]}]},{\"@type\":\"ImageObject\",\"inLanguage\":\"en-US\",\"@id\":\"https:\\\/\\\/zackmwekassa.org\\\/en\\\/the-truth-revealed-is-the-world-map-we-know-wrong\\\/#primaryimage\",\"url\":\"https:\\\/\\\/zackmwekassa.org\\\/wp-content\\\/uploads\\\/2023\\\/07\\\/maxresdefault-15.jpg\",\"contentUrl\":\"https:\\\/\\\/zackmwekassa.org\\\/wp-content\\\/uploads\\\/2023\\\/07\\\/maxresdefault-15.jpg\",\"width\":1280,\"height\":720,\"caption\":\"L'Afrique serait plus grande que l'Europe et l'Am\u00e9rique?\"},{\"@type\":\"BreadcrumbList\",\"@id\":\"https:\\\/\\\/zackmwekassa.org\\\/en\\\/the-truth-revealed-is-the-world-map-we-know-wrong\\\/#breadcrumb\",\"itemListElement\":[{\"@type\":\"ListItem\",\"position\":1,\"name\":\"Accueil\",\"item\":\"https:\\\/\\\/zackmwekassa.org\\\/en\\\/\"},{\"@type\":\"ListItem\",\"position\":2,\"name\":\"The Truth Revealed: Is the world map we know wrong?\"}]},{\"@type\":\"WebSite\",\"@id\":\"https:\\\/\\\/zackmwekassa.org\\\/#website\",\"url\":\"https:\\\/\\\/zackmwekassa.org\\\/\",\"name\":\"Zack Mwekassa\",\"description\":\"Le guerrier noir, votre fr\u00e8re !\",\"publisher\":{\"@id\":\"https:\\\/\\\/zackmwekassa.org\\\/#organization\"},\"potentialAction\":[{\"@type\":\"SearchAction\",\"target\":{\"@type\":\"EntryPoint\",\"urlTemplate\":\"https:\\\/\\\/zackmwekassa.org\\\/?s={search_term_string}\"},\"query-input\":{\"@type\":\"PropertyValueSpecification\",\"valueRequired\":true,\"valueName\":\"search_term_string\"}}],\"inLanguage\":\"en-US\"},{\"@type\":[\"Organization\",\"Place\"],\"@id\":\"https:\\\/\\\/zackmwekassa.org\\\/#organization\",\"name\":\"Zack Mwekassa\",\"url\":\"https:\\\/\\\/zackmwekassa.org\\\/\",\"logo\":{\"@id\":\"https:\\\/\\\/zackmwekassa.org\\\/en\\\/the-truth-revealed-is-the-world-map-we-know-wrong\\\/#local-main-organization-logo\"},\"image\":{\"@id\":\"https:\\\/\\\/zackmwekassa.org\\\/en\\\/the-truth-revealed-is-the-world-map-we-know-wrong\\\/#local-main-organization-logo\"},\"telephone\":[],\"openingHoursSpecification\":[{\"@type\":\"OpeningHoursSpecification\",\"dayOfWeek\":[\"Monday\",\"Tuesday\",\"Wednesday\",\"Thursday\",\"Friday\",\"Saturday\",\"Sunday\"],\"opens\":\"09:00\",\"closes\":\"17:00\"}]},{\"@type\":\"Person\",\"@id\":\"https:\\\/\\\/zackmwekassa.org\\\/#\\\/schema\\\/person\\\/16020c21d5718ee21c6580fe71b5ad9f\",\"name\":\"Reports\",\"image\":{\"@type\":\"ImageObject\",\"inLanguage\":\"en-US\",\"@id\":\"https:\\\/\\\/secure.gravatar.com\\\/avatar\\\/9ffa1dfb2a3e36f2dee2ea1639176308c4cfdfe65f9422051ff3e19478b65d54?s=96&d=mm&r=g\",\"url\":\"https:\\\/\\\/secure.gravatar.com\\\/avatar\\\/9ffa1dfb2a3e36f2dee2ea1639176308c4cfdfe65f9422051ff3e19478b65d54?s=96&d=mm&r=g\",\"contentUrl\":\"https:\\\/\\\/secure.gravatar.com\\\/avatar\\\/9ffa1dfb2a3e36f2dee2ea1639176308c4cfdfe65f9422051ff3e19478b65d54?s=96&d=mm&r=g\",\"caption\":\"Reports\"},\"description\":\"D\u00e9couvrez le passionnant monde des articles pr\u00e9sent\u00e9s par Zack Mwekassa, une figure embl\u00e9matique de la boxe et du kickboxing ! Plongez-vous dans un univers captivant o\u00f9 chaque texte est une fen\u00eatre ouverte sur des sujets vari\u00e9s, allant de la g\u00e9opolitique africaine aux questions de vie et de soci\u00e9t\u00e9.\",\"sameAs\":[\"https:\\\/\\\/www.facebook.com\\\/zackmwekassa0\",\"https:\\\/\\\/www.instagram.com\\\/zackmwekassa0\",\"https:\\\/\\\/x.com\\\/https:\\\/\\\/www.twitter.com\\\/zackmwekassa0\",\"https:\\\/\\\/www.youtube.com\\\/@zackmwekassamotivation4525\",\"https:\\\/\\\/en.wikipedia.org\\\/wiki\\\/Zack_Mwekassa\"],\"gender\":\"homme\",\"award\":[\"Champion Kick Boxing\"],\"knowsAbout\":[\"Investissement\"],\"knowsLanguage\":[\"Fran\u00e7ais\",\"Anglais\",\"Congo\"],\"url\":\"https:\\\/\\\/zackmwekassa.org\\\/en\\\/author\\\/reports\\\/\"},{\"@type\":\"ImageObject\",\"inLanguage\":\"en-US\",\"@id\":\"https:\\\/\\\/zackmwekassa.org\\\/en\\\/the-truth-revealed-is-the-world-map-we-know-wrong\\\/#local-main-organization-logo\",\"url\":\"https:\\\/\\\/zackmwekassa.org\\\/wp-content\\\/uploads\\\/2023\\\/06\\\/cropped-zack-mwekassa-icon.png\",\"contentUrl\":\"https:\\\/\\\/zackmwekassa.org\\\/wp-content\\\/uploads\\\/2023\\\/06\\\/cropped-zack-mwekassa-icon.png\",\"width\":1920,\"height\":652,\"caption\":\"Zack Mwekassa\"}]}<\/script>\n<!-- \/ Yoast SEO Premium plugin. -->","yoast_head_json":{"title":"The Truth Revealed: Is the world map we know wrong? - Zack Mwekassa","description":"An investigation was carried out, bringing to light a shocking reality concerning the map of the world we've always known.","robots":{"index":"index","follow":"follow","max-snippet":"max-snippet:-1","max-image-preview":"max-image-preview:large","max-video-preview":"max-video-preview:-1"},"canonical":"https:\/\/zackmwekassa.org\/en\/the-truth-revealed-is-the-world-map-we-know-wrong\/","og_locale":"en_US","og_type":"article","og_title":"The Truth Revealed: Is the world map we know wrong?","og_description":"An investigation was carried out, bringing to light a shocking reality concerning the map of the world we've always known.","og_url":"https:\/\/zackmwekassa.org\/en\/the-truth-revealed-is-the-world-map-we-know-wrong\/","og_site_name":"Zack Mwekassa","article_author":"https:\/\/www.facebook.com\/zackmwekassa0","article_published_time":"2023-07-09T23:47:03+00:00","og_image":[{"url":"https:\/\/zackmwekassa.org\/wp-content\/uploads\/2023\/07\/maxresdefault-15-1024x576.jpg","type":"","width":"","height":""}],"author":"Reports","twitter_card":"summary_large_image","twitter_title":"The Truth Revealed: Is the world map we know wrong?","twitter_description":"An investigation was carried out, bringing to light a shocking reality concerning the map of the world we've always known.","twitter_image":"https:\/\/zackmwekassa.org\/wp-content\/uploads\/2023\/07\/maxresdefault-15-1024x576.jpg","twitter_creator":"@https:\/\/www.twitter.com\/zackmwekassa0","twitter_misc":{"Written by":"Reports","Est. reading time":"3 minutes"},"schema":{"@context":"https:\/\/schema.org","@graph":[{"@type":"Article","@id":"https:\/\/zackmwekassa.org\/en\/the-truth-revealed-is-the-world-map-we-know-wrong\/#article","isPartOf":{"@id":"https:\/\/zackmwekassa.org\/en\/the-truth-revealed-is-the-world-map-we-know-wrong\/"},"author":{"name":"Reports","@id":"https:\/\/zackmwekassa.org\/#\/schema\/person\/16020c21d5718ee21c6580fe71b5ad9f"},"headline":"The Truth Revealed: Is the world map we know wrong?","datePublished":"2023-07-09T23:47:03+00:00","mainEntityOfPage":{"@id":"https:\/\/zackmwekassa.org\/en\/the-truth-revealed-is-the-world-map-we-know-wrong\/"},"wordCount":593,"commentCount":0,"publisher":{"@id":"https:\/\/zackmwekassa.org\/#organization"},"image":{"@id":"https:\/\/zackmwekassa.org\/en\/the-truth-revealed-is-the-world-map-we-know-wrong\/#primaryimage"},"thumbnailUrl":"https:\/\/zackmwekassa.org\/wp-content\/uploads\/2023\/07\/maxresdefault-15.jpg","keywords":["Colonialism","world map"],"articleSection":["Africa","By Zack","Geo-politics"],"inLanguage":"en-US","potentialAction":[{"@type":"CommentAction","name":"Comment","target":["https:\/\/zackmwekassa.org\/en\/the-truth-revealed-is-the-world-map-we-know-wrong\/#respond"]}]},{"@type":"WebPage","@id":"https:\/\/zackmwekassa.org\/en\/the-truth-revealed-is-the-world-map-we-know-wrong\/","url":"https:\/\/zackmwekassa.org\/en\/the-truth-revealed-is-the-world-map-we-know-wrong\/","name":"The Truth Revealed: Is the world map we know wrong? - Zack Mwekassa","isPartOf":{"@id":"https:\/\/zackmwekassa.org\/#website"},"primaryImageOfPage":{"@id":"https:\/\/zackmwekassa.org\/en\/the-truth-revealed-is-the-world-map-we-know-wrong\/#primaryimage"},"image":{"@id":"https:\/\/zackmwekassa.org\/en\/the-truth-revealed-is-the-world-map-we-know-wrong\/#primaryimage"},"thumbnailUrl":"https:\/\/zackmwekassa.org\/wp-content\/uploads\/2023\/07\/maxresdefault-15.jpg","datePublished":"2023-07-09T23:47:03+00:00","description":"An investigation was carried out, bringing to light a shocking reality concerning the map of the world we've always known.","breadcrumb":{"@id":"https:\/\/zackmwekassa.org\/en\/the-truth-revealed-is-the-world-map-we-know-wrong\/#breadcrumb"},"inLanguage":"en-US","potentialAction":[{"@type":"ReadAction","target":["https:\/\/zackmwekassa.org\/en\/the-truth-revealed-is-the-world-map-we-know-wrong\/"]}]},{"@type":"ImageObject","inLanguage":"en-US","@id":"https:\/\/zackmwekassa.org\/en\/the-truth-revealed-is-the-world-map-we-know-wrong\/#primaryimage","url":"https:\/\/zackmwekassa.org\/wp-content\/uploads\/2023\/07\/maxresdefault-15.jpg","contentUrl":"https:\/\/zackmwekassa.org\/wp-content\/uploads\/2023\/07\/maxresdefault-15.jpg","width":1280,"height":720,"caption":"L'Afrique serait plus grande que l'Europe et l'Am\u00e9rique?"},{"@type":"BreadcrumbList","@id":"https:\/\/zackmwekassa.org\/en\/the-truth-revealed-is-the-world-map-we-know-wrong\/#breadcrumb","itemListElement":[{"@type":"ListItem","position":1,"name":"Accueil","item":"https:\/\/zackmwekassa.org\/en\/"},{"@type":"ListItem","position":2,"name":"The Truth Revealed: Is the world map we know wrong?"}]},{"@type":"WebSite","@id":"https:\/\/zackmwekassa.org\/#website","url":"https:\/\/zackmwekassa.org\/","name":"Zack Mwekassa","description":"Le guerrier noir, votre fr\u00e8re !","publisher":{"@id":"https:\/\/zackmwekassa.org\/#organization"},"potentialAction":[{"@type":"SearchAction","target":{"@type":"EntryPoint","urlTemplate":"https:\/\/zackmwekassa.org\/?s={search_term_string}"},"query-input":{"@type":"PropertyValueSpecification","valueRequired":true,"valueName":"search_term_string"}}],"inLanguage":"en-US"},{"@type":["Organization","Place"],"@id":"https:\/\/zackmwekassa.org\/#organization","name":"Zack Mwekassa","url":"https:\/\/zackmwekassa.org\/","logo":{"@id":"https:\/\/zackmwekassa.org\/en\/the-truth-revealed-is-the-world-map-we-know-wrong\/#local-main-organization-logo"},"image":{"@id":"https:\/\/zackmwekassa.org\/en\/the-truth-revealed-is-the-world-map-we-know-wrong\/#local-main-organization-logo"},"telephone":[],"openingHoursSpecification":[{"@type":"OpeningHoursSpecification","dayOfWeek":["Monday","Tuesday","Wednesday","Thursday","Friday","Saturday","Sunday"],"opens":"09:00","closes":"17:00"}]},{"@type":"Person","@id":"https:\/\/zackmwekassa.org\/#\/schema\/person\/16020c21d5718ee21c6580fe71b5ad9f","name":"Reports","image":{"@type":"ImageObject","inLanguage":"en-US","@id":"https:\/\/secure.gravatar.com\/avatar\/9ffa1dfb2a3e36f2dee2ea1639176308c4cfdfe65f9422051ff3e19478b65d54?s=96&d=mm&r=g","url":"https:\/\/secure.gravatar.com\/avatar\/9ffa1dfb2a3e36f2dee2ea1639176308c4cfdfe65f9422051ff3e19478b65d54?s=96&d=mm&r=g","contentUrl":"https:\/\/secure.gravatar.com\/avatar\/9ffa1dfb2a3e36f2dee2ea1639176308c4cfdfe65f9422051ff3e19478b65d54?s=96&d=mm&r=g","caption":"Reports"},"description":"D\u00e9couvrez le passionnant monde des articles pr\u00e9sent\u00e9s par Zack Mwekassa, une figure embl\u00e9matique de la boxe et du kickboxing ! Plongez-vous dans un univers captivant o\u00f9 chaque texte est une fen\u00eatre ouverte sur des sujets vari\u00e9s, allant de la g\u00e9opolitique africaine aux questions de vie et de soci\u00e9t\u00e9.","sameAs":["https:\/\/www.facebook.com\/zackmwekassa0","https:\/\/www.instagram.com\/zackmwekassa0","https:\/\/x.com\/https:\/\/www.twitter.com\/zackmwekassa0","https:\/\/www.youtube.com\/@zackmwekassamotivation4525","https:\/\/en.wikipedia.org\/wiki\/Zack_Mwekassa"],"gender":"homme","award":["Champion Kick Boxing"],"knowsAbout":["Investissement"],"knowsLanguage":["Fran\u00e7ais","Anglais","Congo"],"url":"https:\/\/zackmwekassa.org\/en\/author\/reports\/"},{"@type":"ImageObject","inLanguage":"en-US","@id":"https:\/\/zackmwekassa.org\/en\/the-truth-revealed-is-the-world-map-we-know-wrong\/#local-main-organization-logo","url":"https:\/\/zackmwekassa.org\/wp-content\/uploads\/2023\/06\/cropped-zack-mwekassa-icon.png","contentUrl":"https:\/\/zackmwekassa.org\/wp-content\/uploads\/2023\/06\/cropped-zack-mwekassa-icon.png","width":1920,"height":652,"caption":"Zack Mwekassa"}]}},"jetpack_featured_media_url":"https:\/\/zackmwekassa.org\/wp-content\/uploads\/2023\/07\/maxresdefault-15.jpg","jetpack_sharing_enabled":true,"_links":{"self":[{"href":"https:\/\/zackmwekassa.org\/en\/wp-json\/wp\/v2\/posts\/5896","targetHints":{"allow":["GET"]}}],"collection":[{"href":"https:\/\/zackmwekassa.org\/en\/wp-json\/wp\/v2\/posts"}],"about":[{"href":"https:\/\/zackmwekassa.org\/en\/wp-json\/wp\/v2\/types\/post"}],"author":[{"embeddable":true,"href":"https:\/\/zackmwekassa.org\/en\/wp-json\/wp\/v2\/users\/2"}],"replies":[{"embeddable":true,"href":"https:\/\/zackmwekassa.org\/en\/wp-json\/wp\/v2\/comments?post=5896"}],"version-history":[{"count":0,"href":"https:\/\/zackmwekassa.org\/en\/wp-json\/wp\/v2\/posts\/5896\/revisions"}],"wp:featuredmedia":[{"embeddable":true,"href":"https:\/\/zackmwekassa.org\/en\/wp-json\/wp\/v2\/media\/4617"}],"wp:attachment":[{"href":"https:\/\/zackmwekassa.org\/en\/wp-json\/wp\/v2\/media?parent=5896"}],"wp:term":[{"taxonomy":"category","embeddable":true,"href":"https:\/\/zackmwekassa.org\/en\/wp-json\/wp\/v2\/categories?post=5896"},{"taxonomy":"post_tag","embeddable":true,"href":"https:\/\/zackmwekassa.org\/en\/wp-json\/wp\/v2\/tags?post=5896"}],"curies":[{"name":"wp","href":"https:\/\/api.w.org\/{rel}","templated":true}]}}