{"id":5894,"date":"2023-07-14T08:05:42","date_gmt":"2023-07-14T08:05:42","guid":{"rendered":"https:\/\/zackmwekassa.org\/julius-malema-a-powerful-african-leader-who-advocates-independence-and-the-valorization-of-africa\/"},"modified":"2024-01-13T22:02:59","modified_gmt":"2024-01-13T22:02:59","slug":"julius-malema-a-powerful-african-leader-who-advocates-independence-and-the-valorization-of-africa","status":"publish","type":"post","link":"https:\/\/zackmwekassa.org\/en\/julius-malema-a-powerful-african-leader-who-advocates-independence-and-the-valorization-of-africa\/","title":{"rendered":"Julius Malema: A powerful African leader who advocates independence and the valorization of Africa"},"content":{"rendered":"<p>Julius Malema is a powerful and dynamic man from South Africa, at the head of the IF, a new and influential political party that is bringing about changes in the way Africans think. He recently made a speech stressing that France holds the bank reserves of African states, but Africans want to regain control of their economy and their constitution. Malema asserts that France has built its economy on African resources and declares that Africa does not need France, but rather that it is France that needs Africa.<\/p>\n<div id=\"ez-toc-container\" class=\"ez-toc-v2_0_82_2 counter-hierarchy ez-toc-counter ez-toc-transparent ez-toc-container-direction\">\n<div class=\"ez-toc-title-container\">\n<p class=\"ez-toc-title\" style=\"cursor:inherit\">Table of Contents<\/p>\n<span class=\"ez-toc-title-toggle\"><a href=\"#\" class=\"ez-toc-pull-right ez-toc-btn ez-toc-btn-xs ez-toc-btn-default ez-toc-toggle\" aria-label=\"Toggle Table of Content\"><span class=\"ez-toc-js-icon-con\"><span class=\"\"><span class=\"eztoc-hide\" style=\"display:none;\">Toggle<\/span><span class=\"ez-toc-icon-toggle-span\"><svg style=\"fill: #dd3333;color:#dd3333\" xmlns=\"http:\/\/www.w3.org\/2000\/svg\" class=\"list-377408\" width=\"20px\" height=\"20px\" viewBox=\"0 0 24 24\" fill=\"none\"><path d=\"M6 6H4v2h2V6zm14 0H8v2h12V6zM4 11h2v2H4v-2zm16 0H8v2h12v-2zM4 16h2v2H4v-2zm16 0H8v2h12v-2z\" fill=\"currentColor\"><\/path><\/svg><svg style=\"fill: #dd3333;color:#dd3333\" class=\"arrow-unsorted-368013\" xmlns=\"http:\/\/www.w3.org\/2000\/svg\" width=\"10px\" height=\"10px\" viewBox=\"0 0 24 24\" version=\"1.2\" baseProfile=\"tiny\"><path d=\"M18.2 9.3l-6.2-6.3-6.2 6.3c-.2.2-.3.4-.3.7s.1.5.3.7c.2.2.4.3.7.3h11c.3 0 .5-.1.7-.3.2-.2.3-.5.3-.7s-.1-.5-.3-.7zM5.8 14.7l6.2 6.3 6.2-6.3c.2-.2.3-.5.3-.7s-.1-.5-.3-.7c-.2-.2-.4-.3-.7-.3h-11c-.3 0-.5.1-.7.3-.2.2-.3.5-.3.7s.1.5.3.7z\"\/><\/svg><\/span><\/span><\/span><\/a><\/span><\/div>\n<nav><ul class='ez-toc-list ez-toc-list-level-1 eztoc-toggle-hide-by-default' ><li class='ez-toc-page-1 ez-toc-heading-level-2'><a class=\"ez-toc-link ez-toc-heading-1\" href=\"https:\/\/zackmwekassa.org\/en\/julius-malema-a-powerful-african-leader-who-advocates-independence-and-the-valorization-of-africa\/#Africas_coveted_potential\" >Africa&#8217;s coveted potential<\/a><\/li><li class='ez-toc-page-1 ez-toc-heading-level-2'><a class=\"ez-toc-link ez-toc-heading-2\" href=\"https:\/\/zackmwekassa.org\/en\/julius-malema-a-powerful-african-leader-who-advocates-independence-and-the-valorization-of-africa\/#Fighting_for_independence\" >Fighting for independence<\/a><\/li><li class='ez-toc-page-1 ez-toc-heading-level-2'><a class=\"ez-toc-link ez-toc-heading-3\" href=\"https:\/\/zackmwekassa.org\/en\/julius-malema-a-powerful-african-leader-who-advocates-independence-and-the-valorization-of-africa\/#Standing_up_for_your_values\" >Standing up for your values<\/a><\/li><li class='ez-toc-page-1 ez-toc-heading-level-2'><a class=\"ez-toc-link ez-toc-heading-4\" href=\"https:\/\/zackmwekassa.org\/en\/julius-malema-a-powerful-african-leader-who-advocates-independence-and-the-valorization-of-africa\/#Totally_inspired_by_Zack_Mwekassas_video\" >Totally inspired by Zack Mwekassa&#8217;s video<\/a><\/li><\/ul><\/nav><\/div>\n<h2><span class=\"ez-toc-section\" id=\"Africas_coveted_potential\"><\/span>Africa&#8217;s coveted potential<span class=\"ez-toc-section-end\"><\/span><\/h2>\n<p>He refers to Jacques Chirac&#8217;s open admission that much of the money in French wallets has come from centuries of African exploitation. Indeed, the latter insisted on the need to render justice to Africans by returning what was taken from them, in order to avoid serious political consequences.<\/p>\n<p>Africa has great commercial, financial and entrepreneurial power. Unfortunately, she doesn&#8217;t seem to know. South Africa is a relatively free country, unlike other African countries where democratic freedoms are limited.<\/p>\n<blockquote><p><strong>Read more: <a href=\"https:\/\/zackmwekassa.org\/le-sud-africain-julius-malema-un-exemple-a-suivre-pour-la-progression-de-lafrique\/\">South Africa&#8217;s Julius Malema: an example to follow for Africa&#8217;s progress<\/a><\/strong><\/p><\/blockquote>\n<h2><span class=\"ez-toc-section\" id=\"Fighting_for_independence\"><\/span>Fighting for independence<span class=\"ez-toc-section-end\"><\/span><\/h2>\n<figure id=\"attachment_738\" aria-describedby=\"caption-attachment-738\" style=\"width: 800px\" class=\"wp-caption aligncenter\"><img loading=\"lazy\" decoding=\"async\" class=\"size-full wp-image-738\" src=\"https:\/\/zackmwekassa.org\/wp-content\/uploads\/2023\/07\/Julius-Malema.jpg\" alt=\"\" width=\"800\" height=\"533\" srcset=\"https:\/\/zackmwekassa.org\/wp-content\/uploads\/2023\/07\/Julius-Malema.jpg 800w, https:\/\/zackmwekassa.org\/wp-content\/uploads\/2023\/07\/Julius-Malema-300x200.jpg 300w, https:\/\/zackmwekassa.org\/wp-content\/uploads\/2023\/07\/Julius-Malema-768x512.jpg 768w\" sizes=\"auto, (max-width: 800px) 100vw, 800px\" \/><figcaption id=\"caption-attachment-738\" class=\"wp-caption-text\"><em>Julius Malema, a model of struggle to preserve his values<\/em><\/figcaption><\/figure><\/dt>\n<\/dl>\n<p>Malema also criticizes Francophone domination of the African Union, and denounces France&#8217;s attempts to manipulate it in order to maintain economic and decision-making control over African countries. However, South Africans are very brave and fear neither the police nor the army. Recently, there was an incident where the French ambassador was confronted by South African demonstrators during a march. Indeed, following the French takeover of a chamber of the African Union with the aim of keeping a stranglehold on African economies and decisions, the South Africans decided to demonstrate and hand over the memorandum to the French embassy. The French ambassador could not have taken this document to other African countries.<\/p>\n<p>It&#8217;s sad to see how Africa has been divided by the former French and English colonies, but let&#8217;s salute the bravery of those who are fighting to change things and show that Africans aren&#8217;t stupid. We pay tribute to Mali and Burkina Faso for their courage. We aspire to a free and self-determined Africa, with its own currency, its own military system and its own decision-making. Africans are fed up with migrating to other countries.<\/p>\n<h2><span class=\"ez-toc-section\" id=\"Standing_up_for_your_values\"><\/span>Standing up for your values<span class=\"ez-toc-section-end\"><\/span><\/h2>\n<p>The fight is not against the French in general, as many French people face the same challenges as Africans, but rather against the oligarchy that seeks to control everyone and exploit Africa. We are called to stand up for just causes, because salvation will come from Africans themselves. Malema founded the IF after leaving the ANC, Nelson Mandela&#8217;s political party, due to differences in values. It&#8217;s important to stay true to your values, even if other people think differently. Being alone in thinking differently from the majority doesn&#8217;t necessarily mean you&#8217;re wrong. You have to stand up for your values.<\/p>\n<h2><span class=\"ez-toc-section\" id=\"Totally_inspired_by_Zack_Mwekassas_video\"><\/span>Totally inspired by Zack Mwekassa&#8217;s video<span class=\"ez-toc-section-end\"><\/span><\/h2>\n<p><iframe loading=\"lazy\" title=\"ILS NE VEULENT PLUS DE LA FRANCE\" width=\"500\" height=\"281\" src=\"https:\/\/www.youtube.com\/embed\/gn_UVSeR0Qg?feature=oembed\" frameborder=\"0\" allow=\"accelerometer; autoplay; clipboard-write; encrypted-media; gyroscope; picture-in-picture; web-share\" referrerpolicy=\"strict-origin-when-cross-origin\" allowfullscreen><\/iframe><\/p>\n","protected":false},"excerpt":{"rendered":"<p>Julius Malema is a powerful and dynamic man from South Africa, at the helm of the IF, an influential new political party that is bringing about changes in African mindsets.<\/p>\n","protected":false},"author":2,"featured_media":4709,"comment_status":"open","ping_status":"open","sticky":false,"template":"","format":"standard","meta":{"_jetpack_memberships_contains_paid_content":false,"footnotes":""},"categories":[1477,32],"tags":[1576,1486,1494],"class_list":["post-5894","post","type-post","status-publish","format-standard","has-post-thumbnail","hentry","category-africa-en","category-by-zack","tag-france-en","tag-power","tag-south-africa"],"yoast_head":"<!-- This site is optimized with the Yoast SEO Premium plugin v23.7 (Yoast SEO v27.5) - https:\/\/yoast.com\/product\/yoast-seo-premium-wordpress\/ -->\n<title>Julius Malema: A powerful African leader who advocates independence and the valorization of Africa - Zack Mwekassa<\/title>\n<meta name=\"description\" content=\"Julius Malema is a powerful and dynamic man from South Africa, at the head of the IF, a new and influential political party that is bringing about changes in the way Africans think.\" \/>\n<meta name=\"robots\" content=\"index, follow, max-snippet:-1, max-image-preview:large, max-video-preview:-1\" \/>\n<link rel=\"canonical\" href=\"https:\/\/zackmwekassa.org\/en\/julius-malema-a-powerful-african-leader-who-advocates-independence-and-the-valorization-of-africa\/\" \/>\n<meta property=\"og:locale\" content=\"en_US\" \/>\n<meta property=\"og:type\" content=\"article\" \/>\n<meta property=\"og:title\" content=\"Julius Malema: A powerful African leader who advocates independence and the valorization of Africa\" \/>\n<meta property=\"og:description\" content=\"Julius Malema is a powerful and dynamic man from South Africa, at the head of the IF, a new and influential political party that is bringing about changes in the way Africans think.\" \/>\n<meta property=\"og:url\" content=\"https:\/\/zackmwekassa.org\/en\/julius-malema-a-powerful-african-leader-who-advocates-independence-and-the-valorization-of-africa\/\" \/>\n<meta property=\"og:site_name\" content=\"Zack Mwekassa\" \/>\n<meta property=\"article:author\" content=\"https:\/\/www.facebook.com\/zackmwekassa0\" \/>\n<meta property=\"article:published_time\" content=\"2023-07-14T08:05:42+00:00\" \/>\n<meta property=\"article:modified_time\" content=\"2024-01-13T22:02:59+00:00\" \/>\n<meta property=\"og:image\" content=\"https:\/\/zackmwekassa.org\/wp-content\/uploads\/2023\/07\/maxresdefault-25-1024x576.jpg\" \/>\n<meta name=\"author\" content=\"Reports\" \/>\n<meta name=\"twitter:card\" content=\"summary_large_image\" \/>\n<meta name=\"twitter:title\" content=\"Julius Malema: A powerful African leader who advocates independence and the valorization of Africa\" \/>\n<meta name=\"twitter:description\" content=\"Julius Malema is a powerful and dynamic man from South Africa, at the head of the IF, a new and influential political party that is bringing about changes in the way Africans think.\" \/>\n<meta name=\"twitter:image\" content=\"https:\/\/zackmwekassa.org\/wp-content\/uploads\/2023\/07\/maxresdefault-25-1024x576.jpg\" \/>\n<meta name=\"twitter:creator\" content=\"@https:\/\/www.twitter.com\/zackmwekassa0\" \/>\n<meta name=\"twitter:label1\" content=\"Written by\" \/>\n\t<meta name=\"twitter:data1\" content=\"Reports\" \/>\n\t<meta name=\"twitter:label2\" content=\"Est. reading time\" \/>\n\t<meta name=\"twitter:data2\" content=\"3 minutes\" \/>\n<script type=\"application\/ld+json\" class=\"yoast-schema-graph\">{\"@context\":\"https:\\\/\\\/schema.org\",\"@graph\":[{\"@type\":\"Article\",\"@id\":\"https:\\\/\\\/zackmwekassa.org\\\/en\\\/julius-malema-a-powerful-african-leader-who-advocates-independence-and-the-valorization-of-africa\\\/#article\",\"isPartOf\":{\"@id\":\"https:\\\/\\\/zackmwekassa.org\\\/en\\\/julius-malema-a-powerful-african-leader-who-advocates-independence-and-the-valorization-of-africa\\\/\"},\"author\":{\"name\":\"Reports\",\"@id\":\"https:\\\/\\\/zackmwekassa.org\\\/#\\\/schema\\\/person\\\/16020c21d5718ee21c6580fe71b5ad9f\"},\"headline\":\"Julius Malema: A powerful African leader who advocates independence and the valorization of Africa\",\"datePublished\":\"2023-07-14T08:05:42+00:00\",\"dateModified\":\"2024-01-13T22:02:59+00:00\",\"mainEntityOfPage\":{\"@id\":\"https:\\\/\\\/zackmwekassa.org\\\/en\\\/julius-malema-a-powerful-african-leader-who-advocates-independence-and-the-valorization-of-africa\\\/\"},\"wordCount\":538,\"commentCount\":0,\"publisher\":{\"@id\":\"https:\\\/\\\/zackmwekassa.org\\\/#organization\"},\"image\":{\"@id\":\"https:\\\/\\\/zackmwekassa.org\\\/en\\\/julius-malema-a-powerful-african-leader-who-advocates-independence-and-the-valorization-of-africa\\\/#primaryimage\"},\"thumbnailUrl\":\"https:\\\/\\\/zackmwekassa.org\\\/wp-content\\\/uploads\\\/2023\\\/07\\\/maxresdefault-25.jpg\",\"keywords\":[\"France\",\"Power\",\"South Africa\"],\"articleSection\":[\"Africa\",\"By Zack\"],\"inLanguage\":\"en-US\",\"potentialAction\":[{\"@type\":\"CommentAction\",\"name\":\"Comment\",\"target\":[\"https:\\\/\\\/zackmwekassa.org\\\/en\\\/julius-malema-a-powerful-african-leader-who-advocates-independence-and-the-valorization-of-africa\\\/#respond\"]}]},{\"@type\":\"WebPage\",\"@id\":\"https:\\\/\\\/zackmwekassa.org\\\/en\\\/julius-malema-a-powerful-african-leader-who-advocates-independence-and-the-valorization-of-africa\\\/\",\"url\":\"https:\\\/\\\/zackmwekassa.org\\\/en\\\/julius-malema-a-powerful-african-leader-who-advocates-independence-and-the-valorization-of-africa\\\/\",\"name\":\"Julius Malema: A powerful African leader who advocates independence and the valorization of Africa - Zack Mwekassa\",\"isPartOf\":{\"@id\":\"https:\\\/\\\/zackmwekassa.org\\\/#website\"},\"primaryImageOfPage\":{\"@id\":\"https:\\\/\\\/zackmwekassa.org\\\/en\\\/julius-malema-a-powerful-african-leader-who-advocates-independence-and-the-valorization-of-africa\\\/#primaryimage\"},\"image\":{\"@id\":\"https:\\\/\\\/zackmwekassa.org\\\/en\\\/julius-malema-a-powerful-african-leader-who-advocates-independence-and-the-valorization-of-africa\\\/#primaryimage\"},\"thumbnailUrl\":\"https:\\\/\\\/zackmwekassa.org\\\/wp-content\\\/uploads\\\/2023\\\/07\\\/maxresdefault-25.jpg\",\"datePublished\":\"2023-07-14T08:05:42+00:00\",\"dateModified\":\"2024-01-13T22:02:59+00:00\",\"description\":\"Julius Malema is a powerful and dynamic man from South Africa, at the head of the IF, a new and influential political party that is bringing about changes in the way Africans think.\",\"breadcrumb\":{\"@id\":\"https:\\\/\\\/zackmwekassa.org\\\/en\\\/julius-malema-a-powerful-african-leader-who-advocates-independence-and-the-valorization-of-africa\\\/#breadcrumb\"},\"inLanguage\":\"en-US\",\"potentialAction\":[{\"@type\":\"ReadAction\",\"target\":[\"https:\\\/\\\/zackmwekassa.org\\\/en\\\/julius-malema-a-powerful-african-leader-who-advocates-independence-and-the-valorization-of-africa\\\/\"]}]},{\"@type\":\"ImageObject\",\"inLanguage\":\"en-US\",\"@id\":\"https:\\\/\\\/zackmwekassa.org\\\/en\\\/julius-malema-a-powerful-african-leader-who-advocates-independence-and-the-valorization-of-africa\\\/#primaryimage\",\"url\":\"https:\\\/\\\/zackmwekassa.org\\\/wp-content\\\/uploads\\\/2023\\\/07\\\/maxresdefault-25.jpg\",\"contentUrl\":\"https:\\\/\\\/zackmwekassa.org\\\/wp-content\\\/uploads\\\/2023\\\/07\\\/maxresdefault-25.jpg\",\"width\":1280,\"height\":720,\"caption\":\"Julius Malema lutte contre la domination fran\u00e7aise\"},{\"@type\":\"BreadcrumbList\",\"@id\":\"https:\\\/\\\/zackmwekassa.org\\\/en\\\/julius-malema-a-powerful-african-leader-who-advocates-independence-and-the-valorization-of-africa\\\/#breadcrumb\",\"itemListElement\":[{\"@type\":\"ListItem\",\"position\":1,\"name\":\"Accueil\",\"item\":\"https:\\\/\\\/zackmwekassa.org\\\/en\\\/\"},{\"@type\":\"ListItem\",\"position\":2,\"name\":\"Julius Malema: A powerful African leader who advocates independence and the valorization of Africa\"}]},{\"@type\":\"WebSite\",\"@id\":\"https:\\\/\\\/zackmwekassa.org\\\/#website\",\"url\":\"https:\\\/\\\/zackmwekassa.org\\\/\",\"name\":\"Zack Mwekassa\",\"description\":\"Le guerrier noir, votre fr\u00e8re !\",\"publisher\":{\"@id\":\"https:\\\/\\\/zackmwekassa.org\\\/#organization\"},\"potentialAction\":[{\"@type\":\"SearchAction\",\"target\":{\"@type\":\"EntryPoint\",\"urlTemplate\":\"https:\\\/\\\/zackmwekassa.org\\\/?s={search_term_string}\"},\"query-input\":{\"@type\":\"PropertyValueSpecification\",\"valueRequired\":true,\"valueName\":\"search_term_string\"}}],\"inLanguage\":\"en-US\"},{\"@type\":[\"Organization\",\"Place\"],\"@id\":\"https:\\\/\\\/zackmwekassa.org\\\/#organization\",\"name\":\"Zack Mwekassa\",\"url\":\"https:\\\/\\\/zackmwekassa.org\\\/\",\"logo\":{\"@id\":\"https:\\\/\\\/zackmwekassa.org\\\/en\\\/julius-malema-a-powerful-african-leader-who-advocates-independence-and-the-valorization-of-africa\\\/#local-main-organization-logo\"},\"image\":{\"@id\":\"https:\\\/\\\/zackmwekassa.org\\\/en\\\/julius-malema-a-powerful-african-leader-who-advocates-independence-and-the-valorization-of-africa\\\/#local-main-organization-logo\"},\"telephone\":[],\"openingHoursSpecification\":[{\"@type\":\"OpeningHoursSpecification\",\"dayOfWeek\":[\"Monday\",\"Tuesday\",\"Wednesday\",\"Thursday\",\"Friday\",\"Saturday\",\"Sunday\"],\"opens\":\"09:00\",\"closes\":\"17:00\"}]},{\"@type\":\"Person\",\"@id\":\"https:\\\/\\\/zackmwekassa.org\\\/#\\\/schema\\\/person\\\/16020c21d5718ee21c6580fe71b5ad9f\",\"name\":\"Reports\",\"image\":{\"@type\":\"ImageObject\",\"inLanguage\":\"en-US\",\"@id\":\"https:\\\/\\\/secure.gravatar.com\\\/avatar\\\/9ffa1dfb2a3e36f2dee2ea1639176308c4cfdfe65f9422051ff3e19478b65d54?s=96&d=mm&r=g\",\"url\":\"https:\\\/\\\/secure.gravatar.com\\\/avatar\\\/9ffa1dfb2a3e36f2dee2ea1639176308c4cfdfe65f9422051ff3e19478b65d54?s=96&d=mm&r=g\",\"contentUrl\":\"https:\\\/\\\/secure.gravatar.com\\\/avatar\\\/9ffa1dfb2a3e36f2dee2ea1639176308c4cfdfe65f9422051ff3e19478b65d54?s=96&d=mm&r=g\",\"caption\":\"Reports\"},\"description\":\"D\u00e9couvrez le passionnant monde des articles pr\u00e9sent\u00e9s par Zack Mwekassa, une figure embl\u00e9matique de la boxe et du kickboxing ! Plongez-vous dans un univers captivant o\u00f9 chaque texte est une fen\u00eatre ouverte sur des sujets vari\u00e9s, allant de la g\u00e9opolitique africaine aux questions de vie et de soci\u00e9t\u00e9.\",\"sameAs\":[\"https:\\\/\\\/www.facebook.com\\\/zackmwekassa0\",\"https:\\\/\\\/www.instagram.com\\\/zackmwekassa0\",\"https:\\\/\\\/x.com\\\/https:\\\/\\\/www.twitter.com\\\/zackmwekassa0\",\"https:\\\/\\\/www.youtube.com\\\/@zackmwekassamotivation4525\",\"https:\\\/\\\/en.wikipedia.org\\\/wiki\\\/Zack_Mwekassa\"],\"gender\":\"homme\",\"award\":[\"Champion Kick Boxing\"],\"knowsAbout\":[\"Investissement\"],\"knowsLanguage\":[\"Fran\u00e7ais\",\"Anglais\",\"Congo\"],\"url\":\"https:\\\/\\\/zackmwekassa.org\\\/en\\\/author\\\/reports\\\/\"},{\"@type\":\"ImageObject\",\"inLanguage\":\"en-US\",\"@id\":\"https:\\\/\\\/zackmwekassa.org\\\/en\\\/julius-malema-a-powerful-african-leader-who-advocates-independence-and-the-valorization-of-africa\\\/#local-main-organization-logo\",\"url\":\"https:\\\/\\\/zackmwekassa.org\\\/wp-content\\\/uploads\\\/2023\\\/06\\\/cropped-zack-mwekassa-icon.png\",\"contentUrl\":\"https:\\\/\\\/zackmwekassa.org\\\/wp-content\\\/uploads\\\/2023\\\/06\\\/cropped-zack-mwekassa-icon.png\",\"width\":1920,\"height\":652,\"caption\":\"Zack Mwekassa\"}]}<\/script>\n<!-- \/ Yoast SEO Premium plugin. -->","yoast_head_json":{"title":"Julius Malema: A powerful African leader who advocates independence and the valorization of Africa - Zack Mwekassa","description":"Julius Malema is a powerful and dynamic man from South Africa, at the head of the IF, a new and influential political party that is bringing about changes in the way Africans think.","robots":{"index":"index","follow":"follow","max-snippet":"max-snippet:-1","max-image-preview":"max-image-preview:large","max-video-preview":"max-video-preview:-1"},"canonical":"https:\/\/zackmwekassa.org\/en\/julius-malema-a-powerful-african-leader-who-advocates-independence-and-the-valorization-of-africa\/","og_locale":"en_US","og_type":"article","og_title":"Julius Malema: A powerful African leader who advocates independence and the valorization of Africa","og_description":"Julius Malema is a powerful and dynamic man from South Africa, at the head of the IF, a new and influential political party that is bringing about changes in the way Africans think.","og_url":"https:\/\/zackmwekassa.org\/en\/julius-malema-a-powerful-african-leader-who-advocates-independence-and-the-valorization-of-africa\/","og_site_name":"Zack Mwekassa","article_author":"https:\/\/www.facebook.com\/zackmwekassa0","article_published_time":"2023-07-14T08:05:42+00:00","article_modified_time":"2024-01-13T22:02:59+00:00","og_image":[{"url":"https:\/\/zackmwekassa.org\/wp-content\/uploads\/2023\/07\/maxresdefault-25-1024x576.jpg","type":"","width":"","height":""}],"author":"Reports","twitter_card":"summary_large_image","twitter_title":"Julius Malema: A powerful African leader who advocates independence and the valorization of Africa","twitter_description":"Julius Malema is a powerful and dynamic man from South Africa, at the head of the IF, a new and influential political party that is bringing about changes in the way Africans think.","twitter_image":"https:\/\/zackmwekassa.org\/wp-content\/uploads\/2023\/07\/maxresdefault-25-1024x576.jpg","twitter_creator":"@https:\/\/www.twitter.com\/zackmwekassa0","twitter_misc":{"Written by":"Reports","Est. reading time":"3 minutes"},"schema":{"@context":"https:\/\/schema.org","@graph":[{"@type":"Article","@id":"https:\/\/zackmwekassa.org\/en\/julius-malema-a-powerful-african-leader-who-advocates-independence-and-the-valorization-of-africa\/#article","isPartOf":{"@id":"https:\/\/zackmwekassa.org\/en\/julius-malema-a-powerful-african-leader-who-advocates-independence-and-the-valorization-of-africa\/"},"author":{"name":"Reports","@id":"https:\/\/zackmwekassa.org\/#\/schema\/person\/16020c21d5718ee21c6580fe71b5ad9f"},"headline":"Julius Malema: A powerful African leader who advocates independence and the valorization of Africa","datePublished":"2023-07-14T08:05:42+00:00","dateModified":"2024-01-13T22:02:59+00:00","mainEntityOfPage":{"@id":"https:\/\/zackmwekassa.org\/en\/julius-malema-a-powerful-african-leader-who-advocates-independence-and-the-valorization-of-africa\/"},"wordCount":538,"commentCount":0,"publisher":{"@id":"https:\/\/zackmwekassa.org\/#organization"},"image":{"@id":"https:\/\/zackmwekassa.org\/en\/julius-malema-a-powerful-african-leader-who-advocates-independence-and-the-valorization-of-africa\/#primaryimage"},"thumbnailUrl":"https:\/\/zackmwekassa.org\/wp-content\/uploads\/2023\/07\/maxresdefault-25.jpg","keywords":["France","Power","South Africa"],"articleSection":["Africa","By Zack"],"inLanguage":"en-US","potentialAction":[{"@type":"CommentAction","name":"Comment","target":["https:\/\/zackmwekassa.org\/en\/julius-malema-a-powerful-african-leader-who-advocates-independence-and-the-valorization-of-africa\/#respond"]}]},{"@type":"WebPage","@id":"https:\/\/zackmwekassa.org\/en\/julius-malema-a-powerful-african-leader-who-advocates-independence-and-the-valorization-of-africa\/","url":"https:\/\/zackmwekassa.org\/en\/julius-malema-a-powerful-african-leader-who-advocates-independence-and-the-valorization-of-africa\/","name":"Julius Malema: A powerful African leader who advocates independence and the valorization of Africa - Zack Mwekassa","isPartOf":{"@id":"https:\/\/zackmwekassa.org\/#website"},"primaryImageOfPage":{"@id":"https:\/\/zackmwekassa.org\/en\/julius-malema-a-powerful-african-leader-who-advocates-independence-and-the-valorization-of-africa\/#primaryimage"},"image":{"@id":"https:\/\/zackmwekassa.org\/en\/julius-malema-a-powerful-african-leader-who-advocates-independence-and-the-valorization-of-africa\/#primaryimage"},"thumbnailUrl":"https:\/\/zackmwekassa.org\/wp-content\/uploads\/2023\/07\/maxresdefault-25.jpg","datePublished":"2023-07-14T08:05:42+00:00","dateModified":"2024-01-13T22:02:59+00:00","description":"Julius Malema is a powerful and dynamic man from South Africa, at the head of the IF, a new and influential political party that is bringing about changes in the way Africans think.","breadcrumb":{"@id":"https:\/\/zackmwekassa.org\/en\/julius-malema-a-powerful-african-leader-who-advocates-independence-and-the-valorization-of-africa\/#breadcrumb"},"inLanguage":"en-US","potentialAction":[{"@type":"ReadAction","target":["https:\/\/zackmwekassa.org\/en\/julius-malema-a-powerful-african-leader-who-advocates-independence-and-the-valorization-of-africa\/"]}]},{"@type":"ImageObject","inLanguage":"en-US","@id":"https:\/\/zackmwekassa.org\/en\/julius-malema-a-powerful-african-leader-who-advocates-independence-and-the-valorization-of-africa\/#primaryimage","url":"https:\/\/zackmwekassa.org\/wp-content\/uploads\/2023\/07\/maxresdefault-25.jpg","contentUrl":"https:\/\/zackmwekassa.org\/wp-content\/uploads\/2023\/07\/maxresdefault-25.jpg","width":1280,"height":720,"caption":"Julius Malema lutte contre la domination fran\u00e7aise"},{"@type":"BreadcrumbList","@id":"https:\/\/zackmwekassa.org\/en\/julius-malema-a-powerful-african-leader-who-advocates-independence-and-the-valorization-of-africa\/#breadcrumb","itemListElement":[{"@type":"ListItem","position":1,"name":"Accueil","item":"https:\/\/zackmwekassa.org\/en\/"},{"@type":"ListItem","position":2,"name":"Julius Malema: A powerful African leader who advocates independence and the valorization of Africa"}]},{"@type":"WebSite","@id":"https:\/\/zackmwekassa.org\/#website","url":"https:\/\/zackmwekassa.org\/","name":"Zack Mwekassa","description":"Le guerrier noir, votre fr\u00e8re !","publisher":{"@id":"https:\/\/zackmwekassa.org\/#organization"},"potentialAction":[{"@type":"SearchAction","target":{"@type":"EntryPoint","urlTemplate":"https:\/\/zackmwekassa.org\/?s={search_term_string}"},"query-input":{"@type":"PropertyValueSpecification","valueRequired":true,"valueName":"search_term_string"}}],"inLanguage":"en-US"},{"@type":["Organization","Place"],"@id":"https:\/\/zackmwekassa.org\/#organization","name":"Zack Mwekassa","url":"https:\/\/zackmwekassa.org\/","logo":{"@id":"https:\/\/zackmwekassa.org\/en\/julius-malema-a-powerful-african-leader-who-advocates-independence-and-the-valorization-of-africa\/#local-main-organization-logo"},"image":{"@id":"https:\/\/zackmwekassa.org\/en\/julius-malema-a-powerful-african-leader-who-advocates-independence-and-the-valorization-of-africa\/#local-main-organization-logo"},"telephone":[],"openingHoursSpecification":[{"@type":"OpeningHoursSpecification","dayOfWeek":["Monday","Tuesday","Wednesday","Thursday","Friday","Saturday","Sunday"],"opens":"09:00","closes":"17:00"}]},{"@type":"Person","@id":"https:\/\/zackmwekassa.org\/#\/schema\/person\/16020c21d5718ee21c6580fe71b5ad9f","name":"Reports","image":{"@type":"ImageObject","inLanguage":"en-US","@id":"https:\/\/secure.gravatar.com\/avatar\/9ffa1dfb2a3e36f2dee2ea1639176308c4cfdfe65f9422051ff3e19478b65d54?s=96&d=mm&r=g","url":"https:\/\/secure.gravatar.com\/avatar\/9ffa1dfb2a3e36f2dee2ea1639176308c4cfdfe65f9422051ff3e19478b65d54?s=96&d=mm&r=g","contentUrl":"https:\/\/secure.gravatar.com\/avatar\/9ffa1dfb2a3e36f2dee2ea1639176308c4cfdfe65f9422051ff3e19478b65d54?s=96&d=mm&r=g","caption":"Reports"},"description":"D\u00e9couvrez le passionnant monde des articles pr\u00e9sent\u00e9s par Zack Mwekassa, une figure embl\u00e9matique de la boxe et du kickboxing ! Plongez-vous dans un univers captivant o\u00f9 chaque texte est une fen\u00eatre ouverte sur des sujets vari\u00e9s, allant de la g\u00e9opolitique africaine aux questions de vie et de soci\u00e9t\u00e9.","sameAs":["https:\/\/www.facebook.com\/zackmwekassa0","https:\/\/www.instagram.com\/zackmwekassa0","https:\/\/x.com\/https:\/\/www.twitter.com\/zackmwekassa0","https:\/\/www.youtube.com\/@zackmwekassamotivation4525","https:\/\/en.wikipedia.org\/wiki\/Zack_Mwekassa"],"gender":"homme","award":["Champion Kick Boxing"],"knowsAbout":["Investissement"],"knowsLanguage":["Fran\u00e7ais","Anglais","Congo"],"url":"https:\/\/zackmwekassa.org\/en\/author\/reports\/"},{"@type":"ImageObject","inLanguage":"en-US","@id":"https:\/\/zackmwekassa.org\/en\/julius-malema-a-powerful-african-leader-who-advocates-independence-and-the-valorization-of-africa\/#local-main-organization-logo","url":"https:\/\/zackmwekassa.org\/wp-content\/uploads\/2023\/06\/cropped-zack-mwekassa-icon.png","contentUrl":"https:\/\/zackmwekassa.org\/wp-content\/uploads\/2023\/06\/cropped-zack-mwekassa-icon.png","width":1920,"height":652,"caption":"Zack Mwekassa"}]}},"jetpack_featured_media_url":"https:\/\/zackmwekassa.org\/wp-content\/uploads\/2023\/07\/maxresdefault-25.jpg","jetpack_sharing_enabled":true,"_links":{"self":[{"href":"https:\/\/zackmwekassa.org\/en\/wp-json\/wp\/v2\/posts\/5894","targetHints":{"allow":["GET"]}}],"collection":[{"href":"https:\/\/zackmwekassa.org\/en\/wp-json\/wp\/v2\/posts"}],"about":[{"href":"https:\/\/zackmwekassa.org\/en\/wp-json\/wp\/v2\/types\/post"}],"author":[{"embeddable":true,"href":"https:\/\/zackmwekassa.org\/en\/wp-json\/wp\/v2\/users\/2"}],"replies":[{"embeddable":true,"href":"https:\/\/zackmwekassa.org\/en\/wp-json\/wp\/v2\/comments?post=5894"}],"version-history":[{"count":1,"href":"https:\/\/zackmwekassa.org\/en\/wp-json\/wp\/v2\/posts\/5894\/revisions"}],"predecessor-version":[{"id":5944,"href":"https:\/\/zackmwekassa.org\/en\/wp-json\/wp\/v2\/posts\/5894\/revisions\/5944"}],"wp:featuredmedia":[{"embeddable":true,"href":"https:\/\/zackmwekassa.org\/en\/wp-json\/wp\/v2\/media\/4709"}],"wp:attachment":[{"href":"https:\/\/zackmwekassa.org\/en\/wp-json\/wp\/v2\/media?parent=5894"}],"wp:term":[{"taxonomy":"category","embeddable":true,"href":"https:\/\/zackmwekassa.org\/en\/wp-json\/wp\/v2\/categories?post=5894"},{"taxonomy":"post_tag","embeddable":true,"href":"https:\/\/zackmwekassa.org\/en\/wp-json\/wp\/v2\/tags?post=5894"}],"curies":[{"name":"wp","href":"https:\/\/api.w.org\/{rel}","templated":true}]}}