{"id":5885,"date":"2023-07-13T17:24:01","date_gmt":"2023-07-13T17:24:01","guid":{"rendered":"https:\/\/zackmwekassa.org\/clare-daly-a-strong-voice-in-the-european-parliament-denouncing-hypocrisy-and-inspiring-courage\/"},"modified":"2024-01-13T22:02:54","modified_gmt":"2024-01-13T22:02:54","slug":"clare-daly-a-strong-voice-in-the-european-parliament-denouncing-hypocrisy-and-inspiring-courage","status":"publish","type":"post","link":"https:\/\/zackmwekassa.org\/en\/clare-daly-a-strong-voice-in-the-european-parliament-denouncing-hypocrisy-and-inspiring-courage\/","title":{"rendered":"Clare Daly: A strong voice in the European Parliament denouncing hypocrisy and inspiring courage"},"content":{"rendered":"<p>Today we&#8217;re going to talk about a very interesting person, Clare Daly, Member of the European Parliament from Dublin, Ireland. She reminds us of a very important person, Harriet Tubman, who was a black American; a strong woman who fought to free herself from the yoke of slavery, and subsequently free her Brothers by taking them to Southern Canada. Because of her actions, she has been dubbed &#8220;the Moses of African-Americans&#8221;. Clare Daly is known and disliked for her frank and uncompromising speeches, which are quite rare in the European Parliament. It raises important questions and exposes hypocrisy in a number of areas.<\/p>\n<div id=\"ez-toc-container\" class=\"ez-toc-v2_0_82_2 counter-hierarchy ez-toc-counter ez-toc-transparent ez-toc-container-direction\">\n<div class=\"ez-toc-title-container\">\n<p class=\"ez-toc-title\" style=\"cursor:inherit\">Table of Contents<\/p>\n<span class=\"ez-toc-title-toggle\"><a href=\"#\" class=\"ez-toc-pull-right ez-toc-btn ez-toc-btn-xs ez-toc-btn-default ez-toc-toggle\" aria-label=\"Toggle Table of Content\"><span class=\"ez-toc-js-icon-con\"><span class=\"\"><span class=\"eztoc-hide\" style=\"display:none;\">Toggle<\/span><span class=\"ez-toc-icon-toggle-span\"><svg style=\"fill: #dd3333;color:#dd3333\" xmlns=\"http:\/\/www.w3.org\/2000\/svg\" class=\"list-377408\" width=\"20px\" height=\"20px\" viewBox=\"0 0 24 24\" fill=\"none\"><path d=\"M6 6H4v2h2V6zm14 0H8v2h12V6zM4 11h2v2H4v-2zm16 0H8v2h12v-2zM4 16h2v2H4v-2zm16 0H8v2h12v-2z\" fill=\"currentColor\"><\/path><\/svg><svg style=\"fill: #dd3333;color:#dd3333\" class=\"arrow-unsorted-368013\" xmlns=\"http:\/\/www.w3.org\/2000\/svg\" width=\"10px\" height=\"10px\" viewBox=\"0 0 24 24\" version=\"1.2\" baseProfile=\"tiny\"><path d=\"M18.2 9.3l-6.2-6.3-6.2 6.3c-.2.2-.3.4-.3.7s.1.5.3.7c.2.2.4.3.7.3h11c.3 0 .5-.1.7-.3.2-.2.3-.5.3-.7s-.1-.5-.3-.7zM5.8 14.7l6.2 6.3 6.2-6.3c.2-.2.3-.5.3-.7s-.1-.5-.3-.7c-.2-.2-.4-.3-.7-.3h-11c-.3 0-.5.1-.7.3-.2.2-.3.5-.3.7s.1.5.3.7z\"\/><\/svg><\/span><\/span><\/span><\/a><\/span><\/div>\n<nav><ul class='ez-toc-list ez-toc-list-level-1 eztoc-toggle-hide-by-default' ><li class='ez-toc-page-1 ez-toc-heading-level-2'><a class=\"ez-toc-link ez-toc-heading-1\" href=\"https:\/\/zackmwekassa.org\/en\/clare-daly-a-strong-voice-in-the-european-parliament-denouncing-hypocrisy-and-inspiring-courage\/#Clare_Daly_denounces_European_tactics\" >Clare Daly, denounces European tactics<\/a><\/li><li class='ez-toc-page-1 ez-toc-heading-level-2'><a class=\"ez-toc-link ez-toc-heading-2\" href=\"https:\/\/zackmwekassa.org\/en\/clare-daly-a-strong-voice-in-the-european-parliament-denouncing-hypocrisy-and-inspiring-courage\/#Clare_Daily_a_source_of_inspiration\" >Clare Daily, a source of inspiration<\/a><\/li><li class='ez-toc-page-1 ez-toc-heading-level-2'><a class=\"ez-toc-link ez-toc-heading-3\" href=\"https:\/\/zackmwekassa.org\/en\/clare-daly-a-strong-voice-in-the-european-parliament-denouncing-hypocrisy-and-inspiring-courage\/#Totally_inspired_by_Zack_Mwekassas_video\" >Totally inspired by Zack Mwekassa&#8217;s video<\/a><\/li><\/ul><\/nav><\/div>\n<h2><span class=\"ez-toc-section\" id=\"Clare_Daly_denounces_European_tactics\"><\/span>Clare Daly, denounces European tactics<span class=\"ez-toc-section-end\"><\/span><\/h2>\n<figure id=\"attachment_867\" aria-describedby=\"caption-attachment-867\" style=\"width: 275px\" class=\"wp-caption alignleft\"><img loading=\"lazy\" decoding=\"async\" class=\"size-full wp-image-867\" src=\"https:\/\/zackmwekassa.org\/wp-content\/uploads\/2023\/07\/images-3.jpg\" alt=\"\" width=\"275\" height=\"183\"><figcaption id=\"caption-attachment-867\" class=\"wp-caption-text\"><em>Claire Daly, Member of the European Parliament<\/em><\/figcaption><\/figure>\n<p>Clare Daly begins with Ukraine, criticizing the ongoing war and calling the perpetrators to account. She also denounces the hypocrisy of those who profit from this war for economic gain. In her opinion, if the countries involved really wanted to put an end to this conflict, they would have to sit down around a table and find a peaceful solution. She declares that the perpetrators of this war must be brought to justice.<\/p>\n<p>Clare Daly then turns to the often sensitive subject of Israel. She argues that if Vladimir Putin should be condemned, then so should George Bush and Tony Blair, for destroying so many human lives in an unjustified crusade. Few people dare talk about it because of the possible repercussions. She criticizes the hypocrisy that surrounds this subject and asserts that the truth can be disturbing. We are called upon to speak the truth, even if it provokes negative reactions.<\/p>\n<blockquote><p><strong>A Lire: <a href=\"https:\/\/zackmwekassa.org\/preserver-lidentite-culturelle-africaine-la-voix-ferme-du-president-du-zimbabwe-contre-lassimilation-occidentale\/\">Preserving African cultural identity: Zimbabwe&#8217;s President speaks out against Western assimilation<\/a><\/strong><\/p><\/blockquote>\n<h2><span class=\"ez-toc-section\" id=\"Clare_Daily_a_source_of_inspiration\"><\/span>Clare Daily, a source of inspiration<span class=\"ez-toc-section-end\"><\/span><\/h2>\n<p>Clare Daly is a strong, outspoken woman who isn&#8217;t afraid to go against the grain. She inspires many people with her determination and refusal to conform to preconceived ideas. She is sometimes criticized and accused of being manipulated and paid by Russia for her pacifist views, but she firmly rejects these accusations.<\/p>\n<p>It&#8217;s important to have strong, influential people who stand up for their values and make independent decisions. Clare Daly is one of those people who should serve as an inspiration to many others, especially in the current political context, because Africa is missing people like her. It reminds us of the importance of remaining true to our convictions, even when they run counter to majority opinion. It&#8217;s hard to meet a European woman who opposes the ideas of her own society.<\/p>\n<p>Clare Daly is a remarkable political figure who deserves to be heard. His strength and courage in his speeches are admirable. It&#8217;s essential not to be afraid to tell the truth, even if it meets with opposition. Claire Daly reminds us that our real enemies may be among us. So we have to stand firm in our values.<\/p>\n<h2><span class=\"ez-toc-section\" id=\"Totally_inspired_by_Zack_Mwekassas_video\"><\/span>Totally inspired by Zack Mwekassa&#8217;s video<span class=\"ez-toc-section-end\"><\/span><\/h2>\n<p><iframe loading=\"lazy\" title=\"CONNAISSEZ VOUS CETTE EUROP\u00c9ENE PAS COMME LES AUTRES ? | Geopolitique | Episode | #773\" width=\"500\" height=\"281\" src=\"https:\/\/www.youtube.com\/embed\/7QlUlyYej2M?feature=oembed\" frameborder=\"0\" allow=\"accelerometer; autoplay; clipboard-write; encrypted-media; gyroscope; picture-in-picture; web-share\" referrerpolicy=\"strict-origin-when-cross-origin\" allowfullscreen><\/iframe><\/p>\n","protected":false},"excerpt":{"rendered":"<p>Today we&#8217;re going to talk about a very interesting person, Claire Daly, Member of the European Parliament from Dublin, Ireland.<\/p>\n","protected":false},"author":2,"featured_media":4688,"comment_status":"open","ping_status":"open","sticky":false,"template":"","format":"standard","meta":{"_jetpack_memberships_contains_paid_content":false,"footnotes":""},"categories":[32,1484],"tags":[1564,1543,1563,1493],"class_list":["post-5885","post","type-post","status-publish","format-standard","has-post-thumbnail","hentry","category-by-zack","category-diplomacy","tag-economic-interests","tag-europe-en","tag-political-interests","tag-russo-ukrainian-war"],"yoast_head":"<!-- This site is optimized with the Yoast SEO Premium plugin v23.7 (Yoast SEO v27.5) - https:\/\/yoast.com\/product\/yoast-seo-premium-wordpress\/ -->\n<title>Clare Daly: A strong voice in the European Parliament denouncing hypocrisy and inspiring courage - Zack Mwekassa<\/title>\n<meta name=\"description\" content=\"Today we&#039;re going to talk about a very interesting person, Claire Daly, Member of the European Parliament from Dublin, Ireland.\" \/>\n<meta name=\"robots\" content=\"index, follow, max-snippet:-1, max-image-preview:large, max-video-preview:-1\" \/>\n<link rel=\"canonical\" href=\"https:\/\/zackmwekassa.org\/en\/clare-daly-a-strong-voice-in-the-european-parliament-denouncing-hypocrisy-and-inspiring-courage\/\" \/>\n<meta property=\"og:locale\" content=\"en_US\" \/>\n<meta property=\"og:type\" content=\"article\" \/>\n<meta property=\"og:title\" content=\"Clare Daly: A strong voice in the European Parliament denouncing hypocrisy and inspiring courage\" \/>\n<meta property=\"og:description\" content=\"Today we&#039;re going to talk about a very interesting person, Claire Daly, Member of the European Parliament from Dublin, Ireland.\" \/>\n<meta property=\"og:url\" content=\"https:\/\/zackmwekassa.org\/en\/clare-daly-a-strong-voice-in-the-european-parliament-denouncing-hypocrisy-and-inspiring-courage\/\" \/>\n<meta property=\"og:site_name\" content=\"Zack Mwekassa\" \/>\n<meta property=\"article:author\" content=\"https:\/\/www.facebook.com\/zackmwekassa0\" \/>\n<meta property=\"article:published_time\" content=\"2023-07-13T17:24:01+00:00\" \/>\n<meta property=\"article:modified_time\" content=\"2024-01-13T22:02:54+00:00\" \/>\n<meta property=\"og:image\" content=\"https:\/\/zackmwekassa.org\/wp-content\/uploads\/2023\/07\/maxresdefault-24-1024x576.jpg\" \/>\n<meta name=\"author\" content=\"Reports\" \/>\n<meta name=\"twitter:card\" content=\"summary_large_image\" \/>\n<meta name=\"twitter:title\" content=\"Clare Daly: A strong voice in the European Parliament denouncing hypocrisy and inspiring courage\" \/>\n<meta name=\"twitter:description\" content=\"Today we&#039;re going to talk about a very interesting person, Claire Daly, Member of the European Parliament from Dublin, Ireland.\" \/>\n<meta name=\"twitter:image\" content=\"https:\/\/zackmwekassa.org\/wp-content\/uploads\/2023\/07\/maxresdefault-24-1024x576.jpg\" \/>\n<meta name=\"twitter:creator\" content=\"@https:\/\/www.twitter.com\/zackmwekassa0\" \/>\n<meta name=\"twitter:label1\" content=\"Written by\" \/>\n\t<meta name=\"twitter:data1\" content=\"Reports\" \/>\n\t<meta name=\"twitter:label2\" content=\"Est. reading time\" \/>\n\t<meta name=\"twitter:data2\" content=\"3 minutes\" \/>\n<script type=\"application\/ld+json\" class=\"yoast-schema-graph\">{\"@context\":\"https:\\\/\\\/schema.org\",\"@graph\":[{\"@type\":\"Article\",\"@id\":\"https:\\\/\\\/zackmwekassa.org\\\/en\\\/clare-daly-a-strong-voice-in-the-european-parliament-denouncing-hypocrisy-and-inspiring-courage\\\/#article\",\"isPartOf\":{\"@id\":\"https:\\\/\\\/zackmwekassa.org\\\/en\\\/clare-daly-a-strong-voice-in-the-european-parliament-denouncing-hypocrisy-and-inspiring-courage\\\/\"},\"author\":{\"name\":\"Reports\",\"@id\":\"https:\\\/\\\/zackmwekassa.org\\\/#\\\/schema\\\/person\\\/16020c21d5718ee21c6580fe71b5ad9f\"},\"headline\":\"Clare Daly: A strong voice in the European Parliament denouncing hypocrisy and inspiring courage\",\"datePublished\":\"2023-07-13T17:24:01+00:00\",\"dateModified\":\"2024-01-13T22:02:54+00:00\",\"mainEntityOfPage\":{\"@id\":\"https:\\\/\\\/zackmwekassa.org\\\/en\\\/clare-daly-a-strong-voice-in-the-european-parliament-denouncing-hypocrisy-and-inspiring-courage\\\/\"},\"wordCount\":521,\"commentCount\":0,\"publisher\":{\"@id\":\"https:\\\/\\\/zackmwekassa.org\\\/#organization\"},\"image\":{\"@id\":\"https:\\\/\\\/zackmwekassa.org\\\/en\\\/clare-daly-a-strong-voice-in-the-european-parliament-denouncing-hypocrisy-and-inspiring-courage\\\/#primaryimage\"},\"thumbnailUrl\":\"https:\\\/\\\/zackmwekassa.org\\\/wp-content\\\/uploads\\\/2023\\\/07\\\/maxresdefault-24.jpg\",\"keywords\":[\"Economic interests\",\"Europe\",\"Political interests\",\"Russo-Ukrainian war\"],\"articleSection\":[\"By Zack\",\"Diplomacy\"],\"inLanguage\":\"en-US\",\"potentialAction\":[{\"@type\":\"CommentAction\",\"name\":\"Comment\",\"target\":[\"https:\\\/\\\/zackmwekassa.org\\\/en\\\/clare-daly-a-strong-voice-in-the-european-parliament-denouncing-hypocrisy-and-inspiring-courage\\\/#respond\"]}]},{\"@type\":\"WebPage\",\"@id\":\"https:\\\/\\\/zackmwekassa.org\\\/en\\\/clare-daly-a-strong-voice-in-the-european-parliament-denouncing-hypocrisy-and-inspiring-courage\\\/\",\"url\":\"https:\\\/\\\/zackmwekassa.org\\\/en\\\/clare-daly-a-strong-voice-in-the-european-parliament-denouncing-hypocrisy-and-inspiring-courage\\\/\",\"name\":\"Clare Daly: A strong voice in the European Parliament denouncing hypocrisy and inspiring courage - Zack Mwekassa\",\"isPartOf\":{\"@id\":\"https:\\\/\\\/zackmwekassa.org\\\/#website\"},\"primaryImageOfPage\":{\"@id\":\"https:\\\/\\\/zackmwekassa.org\\\/en\\\/clare-daly-a-strong-voice-in-the-european-parliament-denouncing-hypocrisy-and-inspiring-courage\\\/#primaryimage\"},\"image\":{\"@id\":\"https:\\\/\\\/zackmwekassa.org\\\/en\\\/clare-daly-a-strong-voice-in-the-european-parliament-denouncing-hypocrisy-and-inspiring-courage\\\/#primaryimage\"},\"thumbnailUrl\":\"https:\\\/\\\/zackmwekassa.org\\\/wp-content\\\/uploads\\\/2023\\\/07\\\/maxresdefault-24.jpg\",\"datePublished\":\"2023-07-13T17:24:01+00:00\",\"dateModified\":\"2024-01-13T22:02:54+00:00\",\"description\":\"Today we're going to talk about a very interesting person, Claire Daly, Member of the European Parliament from Dublin, Ireland.\",\"breadcrumb\":{\"@id\":\"https:\\\/\\\/zackmwekassa.org\\\/en\\\/clare-daly-a-strong-voice-in-the-european-parliament-denouncing-hypocrisy-and-inspiring-courage\\\/#breadcrumb\"},\"inLanguage\":\"en-US\",\"potentialAction\":[{\"@type\":\"ReadAction\",\"target\":[\"https:\\\/\\\/zackmwekassa.org\\\/en\\\/clare-daly-a-strong-voice-in-the-european-parliament-denouncing-hypocrisy-and-inspiring-courage\\\/\"]}]},{\"@type\":\"ImageObject\",\"inLanguage\":\"en-US\",\"@id\":\"https:\\\/\\\/zackmwekassa.org\\\/en\\\/clare-daly-a-strong-voice-in-the-european-parliament-denouncing-hypocrisy-and-inspiring-courage\\\/#primaryimage\",\"url\":\"https:\\\/\\\/zackmwekassa.org\\\/wp-content\\\/uploads\\\/2023\\\/07\\\/maxresdefault-24.jpg\",\"contentUrl\":\"https:\\\/\\\/zackmwekassa.org\\\/wp-content\\\/uploads\\\/2023\\\/07\\\/maxresdefault-24.jpg\",\"width\":1280,\"height\":720,\"caption\":\"Une Europ\u00e9enne pas comme les autres!\"},{\"@type\":\"BreadcrumbList\",\"@id\":\"https:\\\/\\\/zackmwekassa.org\\\/en\\\/clare-daly-a-strong-voice-in-the-european-parliament-denouncing-hypocrisy-and-inspiring-courage\\\/#breadcrumb\",\"itemListElement\":[{\"@type\":\"ListItem\",\"position\":1,\"name\":\"Accueil\",\"item\":\"https:\\\/\\\/zackmwekassa.org\\\/en\\\/\"},{\"@type\":\"ListItem\",\"position\":2,\"name\":\"Clare Daly: A strong voice in the European Parliament denouncing hypocrisy and inspiring courage\"}]},{\"@type\":\"WebSite\",\"@id\":\"https:\\\/\\\/zackmwekassa.org\\\/#website\",\"url\":\"https:\\\/\\\/zackmwekassa.org\\\/\",\"name\":\"Zack Mwekassa\",\"description\":\"Le guerrier noir, votre fr\u00e8re !\",\"publisher\":{\"@id\":\"https:\\\/\\\/zackmwekassa.org\\\/#organization\"},\"potentialAction\":[{\"@type\":\"SearchAction\",\"target\":{\"@type\":\"EntryPoint\",\"urlTemplate\":\"https:\\\/\\\/zackmwekassa.org\\\/?s={search_term_string}\"},\"query-input\":{\"@type\":\"PropertyValueSpecification\",\"valueRequired\":true,\"valueName\":\"search_term_string\"}}],\"inLanguage\":\"en-US\"},{\"@type\":[\"Organization\",\"Place\"],\"@id\":\"https:\\\/\\\/zackmwekassa.org\\\/#organization\",\"name\":\"Zack Mwekassa\",\"url\":\"https:\\\/\\\/zackmwekassa.org\\\/\",\"logo\":{\"@id\":\"https:\\\/\\\/zackmwekassa.org\\\/en\\\/clare-daly-a-strong-voice-in-the-european-parliament-denouncing-hypocrisy-and-inspiring-courage\\\/#local-main-organization-logo\"},\"image\":{\"@id\":\"https:\\\/\\\/zackmwekassa.org\\\/en\\\/clare-daly-a-strong-voice-in-the-european-parliament-denouncing-hypocrisy-and-inspiring-courage\\\/#local-main-organization-logo\"},\"telephone\":[],\"openingHoursSpecification\":[{\"@type\":\"OpeningHoursSpecification\",\"dayOfWeek\":[\"Monday\",\"Tuesday\",\"Wednesday\",\"Thursday\",\"Friday\",\"Saturday\",\"Sunday\"],\"opens\":\"09:00\",\"closes\":\"17:00\"}]},{\"@type\":\"Person\",\"@id\":\"https:\\\/\\\/zackmwekassa.org\\\/#\\\/schema\\\/person\\\/16020c21d5718ee21c6580fe71b5ad9f\",\"name\":\"Reports\",\"image\":{\"@type\":\"ImageObject\",\"inLanguage\":\"en-US\",\"@id\":\"https:\\\/\\\/secure.gravatar.com\\\/avatar\\\/9ffa1dfb2a3e36f2dee2ea1639176308c4cfdfe65f9422051ff3e19478b65d54?s=96&d=mm&r=g\",\"url\":\"https:\\\/\\\/secure.gravatar.com\\\/avatar\\\/9ffa1dfb2a3e36f2dee2ea1639176308c4cfdfe65f9422051ff3e19478b65d54?s=96&d=mm&r=g\",\"contentUrl\":\"https:\\\/\\\/secure.gravatar.com\\\/avatar\\\/9ffa1dfb2a3e36f2dee2ea1639176308c4cfdfe65f9422051ff3e19478b65d54?s=96&d=mm&r=g\",\"caption\":\"Reports\"},\"description\":\"D\u00e9couvrez le passionnant monde des articles pr\u00e9sent\u00e9s par Zack Mwekassa, une figure embl\u00e9matique de la boxe et du kickboxing ! Plongez-vous dans un univers captivant o\u00f9 chaque texte est une fen\u00eatre ouverte sur des sujets vari\u00e9s, allant de la g\u00e9opolitique africaine aux questions de vie et de soci\u00e9t\u00e9.\",\"sameAs\":[\"https:\\\/\\\/www.facebook.com\\\/zackmwekassa0\",\"https:\\\/\\\/www.instagram.com\\\/zackmwekassa0\",\"https:\\\/\\\/x.com\\\/https:\\\/\\\/www.twitter.com\\\/zackmwekassa0\",\"https:\\\/\\\/www.youtube.com\\\/@zackmwekassamotivation4525\",\"https:\\\/\\\/en.wikipedia.org\\\/wiki\\\/Zack_Mwekassa\"],\"gender\":\"homme\",\"award\":[\"Champion Kick Boxing\"],\"knowsAbout\":[\"Investissement\"],\"knowsLanguage\":[\"Fran\u00e7ais\",\"Anglais\",\"Congo\"],\"url\":\"https:\\\/\\\/zackmwekassa.org\\\/en\\\/author\\\/reports\\\/\"},{\"@type\":\"ImageObject\",\"inLanguage\":\"en-US\",\"@id\":\"https:\\\/\\\/zackmwekassa.org\\\/en\\\/clare-daly-a-strong-voice-in-the-european-parliament-denouncing-hypocrisy-and-inspiring-courage\\\/#local-main-organization-logo\",\"url\":\"https:\\\/\\\/zackmwekassa.org\\\/wp-content\\\/uploads\\\/2023\\\/06\\\/cropped-zack-mwekassa-icon.png\",\"contentUrl\":\"https:\\\/\\\/zackmwekassa.org\\\/wp-content\\\/uploads\\\/2023\\\/06\\\/cropped-zack-mwekassa-icon.png\",\"width\":1920,\"height\":652,\"caption\":\"Zack Mwekassa\"}]}<\/script>\n<!-- \/ Yoast SEO Premium plugin. -->","yoast_head_json":{"title":"Clare Daly: A strong voice in the European Parliament denouncing hypocrisy and inspiring courage - Zack Mwekassa","description":"Today we're going to talk about a very interesting person, Claire Daly, Member of the European Parliament from Dublin, Ireland.","robots":{"index":"index","follow":"follow","max-snippet":"max-snippet:-1","max-image-preview":"max-image-preview:large","max-video-preview":"max-video-preview:-1"},"canonical":"https:\/\/zackmwekassa.org\/en\/clare-daly-a-strong-voice-in-the-european-parliament-denouncing-hypocrisy-and-inspiring-courage\/","og_locale":"en_US","og_type":"article","og_title":"Clare Daly: A strong voice in the European Parliament denouncing hypocrisy and inspiring courage","og_description":"Today we're going to talk about a very interesting person, Claire Daly, Member of the European Parliament from Dublin, Ireland.","og_url":"https:\/\/zackmwekassa.org\/en\/clare-daly-a-strong-voice-in-the-european-parliament-denouncing-hypocrisy-and-inspiring-courage\/","og_site_name":"Zack Mwekassa","article_author":"https:\/\/www.facebook.com\/zackmwekassa0","article_published_time":"2023-07-13T17:24:01+00:00","article_modified_time":"2024-01-13T22:02:54+00:00","og_image":[{"url":"https:\/\/zackmwekassa.org\/wp-content\/uploads\/2023\/07\/maxresdefault-24-1024x576.jpg","type":"","width":"","height":""}],"author":"Reports","twitter_card":"summary_large_image","twitter_title":"Clare Daly: A strong voice in the European Parliament denouncing hypocrisy and inspiring courage","twitter_description":"Today we're going to talk about a very interesting person, Claire Daly, Member of the European Parliament from Dublin, Ireland.","twitter_image":"https:\/\/zackmwekassa.org\/wp-content\/uploads\/2023\/07\/maxresdefault-24-1024x576.jpg","twitter_creator":"@https:\/\/www.twitter.com\/zackmwekassa0","twitter_misc":{"Written by":"Reports","Est. reading time":"3 minutes"},"schema":{"@context":"https:\/\/schema.org","@graph":[{"@type":"Article","@id":"https:\/\/zackmwekassa.org\/en\/clare-daly-a-strong-voice-in-the-european-parliament-denouncing-hypocrisy-and-inspiring-courage\/#article","isPartOf":{"@id":"https:\/\/zackmwekassa.org\/en\/clare-daly-a-strong-voice-in-the-european-parliament-denouncing-hypocrisy-and-inspiring-courage\/"},"author":{"name":"Reports","@id":"https:\/\/zackmwekassa.org\/#\/schema\/person\/16020c21d5718ee21c6580fe71b5ad9f"},"headline":"Clare Daly: A strong voice in the European Parliament denouncing hypocrisy and inspiring courage","datePublished":"2023-07-13T17:24:01+00:00","dateModified":"2024-01-13T22:02:54+00:00","mainEntityOfPage":{"@id":"https:\/\/zackmwekassa.org\/en\/clare-daly-a-strong-voice-in-the-european-parliament-denouncing-hypocrisy-and-inspiring-courage\/"},"wordCount":521,"commentCount":0,"publisher":{"@id":"https:\/\/zackmwekassa.org\/#organization"},"image":{"@id":"https:\/\/zackmwekassa.org\/en\/clare-daly-a-strong-voice-in-the-european-parliament-denouncing-hypocrisy-and-inspiring-courage\/#primaryimage"},"thumbnailUrl":"https:\/\/zackmwekassa.org\/wp-content\/uploads\/2023\/07\/maxresdefault-24.jpg","keywords":["Economic interests","Europe","Political interests","Russo-Ukrainian war"],"articleSection":["By Zack","Diplomacy"],"inLanguage":"en-US","potentialAction":[{"@type":"CommentAction","name":"Comment","target":["https:\/\/zackmwekassa.org\/en\/clare-daly-a-strong-voice-in-the-european-parliament-denouncing-hypocrisy-and-inspiring-courage\/#respond"]}]},{"@type":"WebPage","@id":"https:\/\/zackmwekassa.org\/en\/clare-daly-a-strong-voice-in-the-european-parliament-denouncing-hypocrisy-and-inspiring-courage\/","url":"https:\/\/zackmwekassa.org\/en\/clare-daly-a-strong-voice-in-the-european-parliament-denouncing-hypocrisy-and-inspiring-courage\/","name":"Clare Daly: A strong voice in the European Parliament denouncing hypocrisy and inspiring courage - Zack Mwekassa","isPartOf":{"@id":"https:\/\/zackmwekassa.org\/#website"},"primaryImageOfPage":{"@id":"https:\/\/zackmwekassa.org\/en\/clare-daly-a-strong-voice-in-the-european-parliament-denouncing-hypocrisy-and-inspiring-courage\/#primaryimage"},"image":{"@id":"https:\/\/zackmwekassa.org\/en\/clare-daly-a-strong-voice-in-the-european-parliament-denouncing-hypocrisy-and-inspiring-courage\/#primaryimage"},"thumbnailUrl":"https:\/\/zackmwekassa.org\/wp-content\/uploads\/2023\/07\/maxresdefault-24.jpg","datePublished":"2023-07-13T17:24:01+00:00","dateModified":"2024-01-13T22:02:54+00:00","description":"Today we're going to talk about a very interesting person, Claire Daly, Member of the European Parliament from Dublin, Ireland.","breadcrumb":{"@id":"https:\/\/zackmwekassa.org\/en\/clare-daly-a-strong-voice-in-the-european-parliament-denouncing-hypocrisy-and-inspiring-courage\/#breadcrumb"},"inLanguage":"en-US","potentialAction":[{"@type":"ReadAction","target":["https:\/\/zackmwekassa.org\/en\/clare-daly-a-strong-voice-in-the-european-parliament-denouncing-hypocrisy-and-inspiring-courage\/"]}]},{"@type":"ImageObject","inLanguage":"en-US","@id":"https:\/\/zackmwekassa.org\/en\/clare-daly-a-strong-voice-in-the-european-parliament-denouncing-hypocrisy-and-inspiring-courage\/#primaryimage","url":"https:\/\/zackmwekassa.org\/wp-content\/uploads\/2023\/07\/maxresdefault-24.jpg","contentUrl":"https:\/\/zackmwekassa.org\/wp-content\/uploads\/2023\/07\/maxresdefault-24.jpg","width":1280,"height":720,"caption":"Une Europ\u00e9enne pas comme les autres!"},{"@type":"BreadcrumbList","@id":"https:\/\/zackmwekassa.org\/en\/clare-daly-a-strong-voice-in-the-european-parliament-denouncing-hypocrisy-and-inspiring-courage\/#breadcrumb","itemListElement":[{"@type":"ListItem","position":1,"name":"Accueil","item":"https:\/\/zackmwekassa.org\/en\/"},{"@type":"ListItem","position":2,"name":"Clare Daly: A strong voice in the European Parliament denouncing hypocrisy and inspiring courage"}]},{"@type":"WebSite","@id":"https:\/\/zackmwekassa.org\/#website","url":"https:\/\/zackmwekassa.org\/","name":"Zack Mwekassa","description":"Le guerrier noir, votre fr\u00e8re !","publisher":{"@id":"https:\/\/zackmwekassa.org\/#organization"},"potentialAction":[{"@type":"SearchAction","target":{"@type":"EntryPoint","urlTemplate":"https:\/\/zackmwekassa.org\/?s={search_term_string}"},"query-input":{"@type":"PropertyValueSpecification","valueRequired":true,"valueName":"search_term_string"}}],"inLanguage":"en-US"},{"@type":["Organization","Place"],"@id":"https:\/\/zackmwekassa.org\/#organization","name":"Zack Mwekassa","url":"https:\/\/zackmwekassa.org\/","logo":{"@id":"https:\/\/zackmwekassa.org\/en\/clare-daly-a-strong-voice-in-the-european-parliament-denouncing-hypocrisy-and-inspiring-courage\/#local-main-organization-logo"},"image":{"@id":"https:\/\/zackmwekassa.org\/en\/clare-daly-a-strong-voice-in-the-european-parliament-denouncing-hypocrisy-and-inspiring-courage\/#local-main-organization-logo"},"telephone":[],"openingHoursSpecification":[{"@type":"OpeningHoursSpecification","dayOfWeek":["Monday","Tuesday","Wednesday","Thursday","Friday","Saturday","Sunday"],"opens":"09:00","closes":"17:00"}]},{"@type":"Person","@id":"https:\/\/zackmwekassa.org\/#\/schema\/person\/16020c21d5718ee21c6580fe71b5ad9f","name":"Reports","image":{"@type":"ImageObject","inLanguage":"en-US","@id":"https:\/\/secure.gravatar.com\/avatar\/9ffa1dfb2a3e36f2dee2ea1639176308c4cfdfe65f9422051ff3e19478b65d54?s=96&d=mm&r=g","url":"https:\/\/secure.gravatar.com\/avatar\/9ffa1dfb2a3e36f2dee2ea1639176308c4cfdfe65f9422051ff3e19478b65d54?s=96&d=mm&r=g","contentUrl":"https:\/\/secure.gravatar.com\/avatar\/9ffa1dfb2a3e36f2dee2ea1639176308c4cfdfe65f9422051ff3e19478b65d54?s=96&d=mm&r=g","caption":"Reports"},"description":"D\u00e9couvrez le passionnant monde des articles pr\u00e9sent\u00e9s par Zack Mwekassa, une figure embl\u00e9matique de la boxe et du kickboxing ! Plongez-vous dans un univers captivant o\u00f9 chaque texte est une fen\u00eatre ouverte sur des sujets vari\u00e9s, allant de la g\u00e9opolitique africaine aux questions de vie et de soci\u00e9t\u00e9.","sameAs":["https:\/\/www.facebook.com\/zackmwekassa0","https:\/\/www.instagram.com\/zackmwekassa0","https:\/\/x.com\/https:\/\/www.twitter.com\/zackmwekassa0","https:\/\/www.youtube.com\/@zackmwekassamotivation4525","https:\/\/en.wikipedia.org\/wiki\/Zack_Mwekassa"],"gender":"homme","award":["Champion Kick Boxing"],"knowsAbout":["Investissement"],"knowsLanguage":["Fran\u00e7ais","Anglais","Congo"],"url":"https:\/\/zackmwekassa.org\/en\/author\/reports\/"},{"@type":"ImageObject","inLanguage":"en-US","@id":"https:\/\/zackmwekassa.org\/en\/clare-daly-a-strong-voice-in-the-european-parliament-denouncing-hypocrisy-and-inspiring-courage\/#local-main-organization-logo","url":"https:\/\/zackmwekassa.org\/wp-content\/uploads\/2023\/06\/cropped-zack-mwekassa-icon.png","contentUrl":"https:\/\/zackmwekassa.org\/wp-content\/uploads\/2023\/06\/cropped-zack-mwekassa-icon.png","width":1920,"height":652,"caption":"Zack Mwekassa"}]}},"jetpack_featured_media_url":"https:\/\/zackmwekassa.org\/wp-content\/uploads\/2023\/07\/maxresdefault-24.jpg","jetpack_sharing_enabled":true,"_links":{"self":[{"href":"https:\/\/zackmwekassa.org\/en\/wp-json\/wp\/v2\/posts\/5885","targetHints":{"allow":["GET"]}}],"collection":[{"href":"https:\/\/zackmwekassa.org\/en\/wp-json\/wp\/v2\/posts"}],"about":[{"href":"https:\/\/zackmwekassa.org\/en\/wp-json\/wp\/v2\/types\/post"}],"author":[{"embeddable":true,"href":"https:\/\/zackmwekassa.org\/en\/wp-json\/wp\/v2\/users\/2"}],"replies":[{"embeddable":true,"href":"https:\/\/zackmwekassa.org\/en\/wp-json\/wp\/v2\/comments?post=5885"}],"version-history":[{"count":1,"href":"https:\/\/zackmwekassa.org\/en\/wp-json\/wp\/v2\/posts\/5885\/revisions"}],"predecessor-version":[{"id":5930,"href":"https:\/\/zackmwekassa.org\/en\/wp-json\/wp\/v2\/posts\/5885\/revisions\/5930"}],"wp:featuredmedia":[{"embeddable":true,"href":"https:\/\/zackmwekassa.org\/en\/wp-json\/wp\/v2\/media\/4688"}],"wp:attachment":[{"href":"https:\/\/zackmwekassa.org\/en\/wp-json\/wp\/v2\/media?parent=5885"}],"wp:term":[{"taxonomy":"category","embeddable":true,"href":"https:\/\/zackmwekassa.org\/en\/wp-json\/wp\/v2\/categories?post=5885"},{"taxonomy":"post_tag","embeddable":true,"href":"https:\/\/zackmwekassa.org\/en\/wp-json\/wp\/v2\/tags?post=5885"}],"curies":[{"name":"wp","href":"https:\/\/api.w.org\/{rel}","templated":true}]}}