{"id":5823,"date":"2023-06-15T00:18:31","date_gmt":"2023-06-15T00:18:31","guid":{"rendered":"https:\/\/zackmwekassa.org\/the-european-green-deal-radical-change-for-a-gas-and-carbon-free-europe\/"},"modified":"2024-01-13T22:02:36","modified_gmt":"2024-01-13T22:02:36","slug":"the-european-green-deal-radical-change-for-a-gas-and-carbon-free-europe","status":"publish","type":"post","link":"https:\/\/zackmwekassa.org\/en\/the-european-green-deal-radical-change-for-a-gas-and-carbon-free-europe\/","title":{"rendered":"The European Green Deal: Radical change for a gas- and carbon-free Europe"},"content":{"rendered":"<p>The Green Deal has just been signed. The aim is to create a Europe free of gas and carbon emissions, using renewable energies. We want to gradually move away from oil and polluting energies. The Green Deal aims to achieve the lowest possible level of gas emissions by 2050 through a radical change that will involve a complete upheaval in Europeans&#8217; lifestyles.<\/p>\n<div id=\"ez-toc-container\" class=\"ez-toc-v2_0_82_2 counter-hierarchy ez-toc-counter ez-toc-transparent ez-toc-container-direction\">\n<div class=\"ez-toc-title-container\">\n<p class=\"ez-toc-title\" style=\"cursor:inherit\">Table of Contents<\/p>\n<span class=\"ez-toc-title-toggle\"><a href=\"#\" class=\"ez-toc-pull-right ez-toc-btn ez-toc-btn-xs ez-toc-btn-default ez-toc-toggle\" aria-label=\"Toggle Table of Content\"><span class=\"ez-toc-js-icon-con\"><span class=\"\"><span class=\"eztoc-hide\" style=\"display:none;\">Toggle<\/span><span class=\"ez-toc-icon-toggle-span\"><svg style=\"fill: #dd3333;color:#dd3333\" xmlns=\"http:\/\/www.w3.org\/2000\/svg\" class=\"list-377408\" width=\"20px\" height=\"20px\" viewBox=\"0 0 24 24\" fill=\"none\"><path d=\"M6 6H4v2h2V6zm14 0H8v2h12V6zM4 11h2v2H4v-2zm16 0H8v2h12v-2zM4 16h2v2H4v-2zm16 0H8v2h12v-2z\" fill=\"currentColor\"><\/path><\/svg><svg style=\"fill: #dd3333;color:#dd3333\" class=\"arrow-unsorted-368013\" xmlns=\"http:\/\/www.w3.org\/2000\/svg\" width=\"10px\" height=\"10px\" viewBox=\"0 0 24 24\" version=\"1.2\" baseProfile=\"tiny\"><path d=\"M18.2 9.3l-6.2-6.3-6.2 6.3c-.2.2-.3.4-.3.7s.1.5.3.7c.2.2.4.3.7.3h11c.3 0 .5-.1.7-.3.2-.2.3-.5.3-.7s-.1-.5-.3-.7zM5.8 14.7l6.2 6.3 6.2-6.3c.2-.2.3-.5.3-.7s-.1-.5-.3-.7c-.2-.2-.4-.3-.7-.3h-11c-.3 0-.5.1-.7.3-.2.2-.3.5-.3.7s.1.5.3.7z\"\/><\/svg><\/span><\/span><\/span><\/a><\/span><\/div>\n<nav><ul class='ez-toc-list ez-toc-list-level-1 eztoc-toggle-hide-by-default' ><li class='ez-toc-page-1 ez-toc-heading-level-2'><a class=\"ez-toc-link ez-toc-heading-1\" href=\"https:\/\/zackmwekassa.org\/en\/the-european-green-deal-radical-change-for-a-gas-and-carbon-free-europe\/#Towards_an_eco-responsible_Europe\" >Towards an eco-responsible Europe<\/a><\/li><li class='ez-toc-page-1 ez-toc-heading-level-2'><a class=\"ez-toc-link ez-toc-heading-2\" href=\"https:\/\/zackmwekassa.org\/en\/the-european-green-deal-radical-change-for-a-gas-and-carbon-free-europe\/#The_government_acquires_land_and_monopolizes_production\" >The government acquires land and monopolizes production<\/a><\/li><li class='ez-toc-page-1 ez-toc-heading-level-2'><a class=\"ez-toc-link ez-toc-heading-3\" href=\"https:\/\/zackmwekassa.org\/en\/the-european-green-deal-radical-change-for-a-gas-and-carbon-free-europe\/#Lets_be_critical_and_aware_of_whats_at_stake\" >Let&#8217;s be critical and aware of what&#8217;s at stake<\/a><\/li><li class='ez-toc-page-1 ez-toc-heading-level-2'><a class=\"ez-toc-link ez-toc-heading-4\" href=\"https:\/\/zackmwekassa.org\/en\/the-european-green-deal-radical-change-for-a-gas-and-carbon-free-europe\/#Totally_inspired_by_Zack_Mwekassas_video\" >Totally inspired by Zack Mwekassa&#8217;s video<\/a><\/li><\/ul><\/nav><\/div>\n<h2><span class=\"ez-toc-section\" id=\"Towards_an_eco-responsible_Europe\"><\/span>Towards an eco-responsible Europe<span class=\"ez-toc-section-end\"><\/span><\/h2>\n<figure id=\"attachment_492\" aria-describedby=\"caption-attachment-492\" style=\"width: 344px\" class=\"wp-caption alignleft\"><img loading=\"lazy\" decoding=\"async\" class=\"wp-image-492 \" src=\"https:\/\/zackmwekassa.org\/wp-content\/uploads\/2023\/06\/telechargement-3.jpg\" alt=\"\" width=\"344\" height=\"181\" srcset=\"https:\/\/zackmwekassa.org\/wp-content\/uploads\/2023\/06\/telechargement-3.jpg 310w, https:\/\/zackmwekassa.org\/wp-content\/uploads\/2023\/06\/telechargement-3-300x158.jpg 300w\" sizes=\"auto, (max-width: 344px) 100vw, 344px\" \/><figcaption id=\"caption-attachment-492\" class=\"wp-caption-text\"><em>  eco-responsibility.<\/em><\/figcaption><\/figure>\n<p>The Green Deal is already underway, with programs and initiatives to be launched as early as 2030. Companies will be obliged to limit their gas emissions, and this will also apply to individuals. Each person will have a gas emissions account, because every human being is considered to be an emitter of greenhouse gases, contributing to global warming and natural disasters. This measure will be introduced to encourage people to adopt more environmentally-friendly lifestyles, such as the use of renewable energies like solar or wind power.<\/p>\n<p>Large companies, particularly those in the food and automotive sectors, will have to pay sums proportional to their gas emissions. In this way, each company will have an emissions account, and if they wish to emit more gas, they will have to pay a corresponding amount. This rule will also apply to individuals, so everyone will have their own gas emissions account.<\/p>\n<blockquote><p><strong>Read more: <a href=\"https:\/\/zackmwekassa.org\/oppositions-face-a-la-mise-en-place-dune-monnaie-numerique-au-canada\/\">Opposition to the introduction of a digital currency in Canada<\/a><\/strong><\/p><\/blockquote>\n<h2><span class=\"ez-toc-section\" id=\"The_government_acquires_land_and_monopolizes_production\"><\/span>The government acquires land and monopolizes production<span class=\"ez-toc-section-end\"><\/span><\/h2>\n<figure id=\"attachment_493\" aria-describedby=\"caption-attachment-493\" style=\"width: 600px\" class=\"wp-caption aligncenter\"><img loading=\"lazy\" decoding=\"async\" class=\"size-full wp-image-493\" src=\"https:\/\/zackmwekassa.org\/wp-content\/uploads\/2023\/06\/depositphotos_203191996-stock-photo-young-eggplants-grow-field-vegetable.webp\" alt=\"\" width=\"600\" height=\"397\" srcset=\"https:\/\/zackmwekassa.org\/wp-content\/uploads\/2023\/06\/depositphotos_203191996-stock-photo-young-eggplants-grow-field-vegetable.webp 600w, https:\/\/zackmwekassa.org\/wp-content\/uploads\/2023\/06\/depositphotos_203191996-stock-photo-young-eggplants-grow-field-vegetable-300x199.webp 300w\" sizes=\"auto, (max-width: 600px) 100vw, 600px\" \/><figcaption id=\"caption-attachment-493\" class=\"wp-caption-text\"><em>  We confiscate your land<\/em><\/figcaption><\/figure>\n<p>The Dutch government, for example, began buying up farmland, prompting many farmers to sell their holdings. These strict measures have forced farmers to stop using certain chemicals to maximize food production. Many were forced to sell their land or went bankrupt, allowing the government to take control of food production in the country. Unfortunately, the people&#8217;s incessant protests were not successful.<\/p>\n<p>At the same time, there are projects to promote alternatives to meat consumption, such as insect farming or laboratory meat. This is because livestock farmers have been accused of emitting large quantities of gas as a result of excessive meat production. Some insect farms have been set up in Germany and the Netherlands, and laboratory-produced meat, also known as &#8220;clean meat&#8221;, is currently being developed. These projects are backed by investors, some of whom collaborate with the government to monopolize food production.<\/p>\n<p>However, these measures raise concerns about the concentration of power and control exercised by the government. Farmers who have had to sell their land now find themselves dependent on the government or large corporations. In addition, the introduction of the CBDC (Central Bank Digital Currency) will make it possible to track people&#8217;s purchases, particularly of food, in order to control their consumption in relation to their gas emissions.<\/p>\n<h2><span class=\"ez-toc-section\" id=\"Lets_be_critical_and_aware_of_whats_at_stake\"><\/span>Let&#8217;s be critical and aware of what&#8217;s at stake<span class=\"ez-toc-section-end\"><\/span><\/h2>\n<p>It&#8217;s important to remain critical in the face of these changes, and to consider all the implications. We mustn&#8217;t be blinded by progressive rhetoric and ask ourselves the right questions. Once again, not every innovation is an improvement. We&#8217;re not ready to give up our energy sources like oil, which have contributed to Europe&#8217;s development, in favor of the green energies we&#8217;re being offered today. The world can only move forward within the limits we impose on it. The goal here is to monopolize power, so we have to be careful!<\/p>\n<h2><span class=\"ez-toc-section\" id=\"Totally_inspired_by_Zack_Mwekassas_video\"><\/span>Totally inspired by Zack Mwekassa&#8217;s video<span class=\"ez-toc-section-end\"><\/span><\/h2>\n<p><iframe loading=\"lazy\" title=\"L&#039;ACCORD DE L&#039;ESCLAVAGE VIENT D&#039;ETRE SIGN\u00c9\" width=\"500\" height=\"281\" src=\"https:\/\/www.youtube.com\/embed\/FMQgCbtCN24?feature=oembed\" frameborder=\"0\" allow=\"accelerometer; autoplay; clipboard-write; encrypted-media; gyroscope; picture-in-picture; web-share\" referrerpolicy=\"strict-origin-when-cross-origin\" allowfullscreen><\/iframe><\/p>\n","protected":false},"excerpt":{"rendered":"<p>The Green Deal has just been signed. The aim is to create a gas- and carbon-free Europe, using renewable energies.<\/p>\n","protected":false},"author":2,"featured_media":4563,"comment_status":"open","ping_status":"open","sticky":false,"template":"","format":"standard","meta":{"_jetpack_memberships_contains_paid_content":false,"footnotes":""},"categories":[32,1483],"tags":[1543,1542],"class_list":["post-5823","post","type-post","status-publish","format-standard","has-post-thumbnail","hentry","category-by-zack","category-geo-politics","tag-europe-en","tag-green-deal-en"],"yoast_head":"<!-- This site is optimized with the Yoast SEO Premium plugin v23.7 (Yoast SEO v27.5) - https:\/\/yoast.com\/product\/yoast-seo-premium-wordpress\/ -->\n<title>The European Green Deal: Radical change for a gas- and carbon-free Europe - Zack Mwekassa<\/title>\n<meta name=\"description\" content=\"The Green Deal has just been signed. The aim is to create a gas- and carbon-free Europe, using renewable energies.\" \/>\n<meta name=\"robots\" content=\"index, follow, max-snippet:-1, max-image-preview:large, max-video-preview:-1\" \/>\n<link rel=\"canonical\" href=\"https:\/\/zackmwekassa.org\/en\/the-european-green-deal-radical-change-for-a-gas-and-carbon-free-europe\/\" \/>\n<meta property=\"og:locale\" content=\"en_US\" \/>\n<meta property=\"og:type\" content=\"article\" \/>\n<meta property=\"og:title\" content=\"The European Green Deal: Radical change for a gas- and carbon-free Europe\" \/>\n<meta property=\"og:description\" content=\"The Green Deal has just been signed. The aim is to create a gas- and carbon-free Europe, using renewable energies.\" \/>\n<meta property=\"og:url\" content=\"https:\/\/zackmwekassa.org\/en\/the-european-green-deal-radical-change-for-a-gas-and-carbon-free-europe\/\" \/>\n<meta property=\"og:site_name\" content=\"Zack Mwekassa\" \/>\n<meta property=\"article:author\" content=\"https:\/\/www.facebook.com\/zackmwekassa0\" \/>\n<meta property=\"article:published_time\" content=\"2023-06-15T00:18:31+00:00\" \/>\n<meta property=\"article:modified_time\" content=\"2024-01-13T22:02:36+00:00\" \/>\n<meta property=\"og:image\" content=\"https:\/\/zackmwekassa.org\/wp-content\/uploads\/2023\/06\/maxresdefault-6-1024x576.jpg\" \/>\n<meta name=\"author\" content=\"Reports\" \/>\n<meta name=\"twitter:card\" content=\"summary_large_image\" \/>\n<meta name=\"twitter:title\" content=\"The European Green Deal: Radical change for a gas- and carbon-free Europe\" \/>\n<meta name=\"twitter:description\" content=\"The Green Deal has just been signed. The aim is to create a gas- and carbon-free Europe, using renewable energies.\" \/>\n<meta name=\"twitter:image\" content=\"https:\/\/zackmwekassa.org\/wp-content\/uploads\/2023\/06\/maxresdefault-6-1024x576.jpg\" \/>\n<meta name=\"twitter:creator\" content=\"@https:\/\/www.twitter.com\/zackmwekassa0\" \/>\n<meta name=\"twitter:label1\" content=\"Written by\" \/>\n\t<meta name=\"twitter:data1\" content=\"Reports\" \/>\n\t<meta name=\"twitter:label2\" content=\"Est. reading time\" \/>\n\t<meta name=\"twitter:data2\" content=\"3 minutes\" \/>\n<script type=\"application\/ld+json\" class=\"yoast-schema-graph\">{\"@context\":\"https:\\\/\\\/schema.org\",\"@graph\":[{\"@type\":\"Article\",\"@id\":\"https:\\\/\\\/zackmwekassa.org\\\/en\\\/the-european-green-deal-radical-change-for-a-gas-and-carbon-free-europe\\\/#article\",\"isPartOf\":{\"@id\":\"https:\\\/\\\/zackmwekassa.org\\\/en\\\/the-european-green-deal-radical-change-for-a-gas-and-carbon-free-europe\\\/\"},\"author\":{\"name\":\"Reports\",\"@id\":\"https:\\\/\\\/zackmwekassa.org\\\/#\\\/schema\\\/person\\\/16020c21d5718ee21c6580fe71b5ad9f\"},\"headline\":\"The European Green Deal: Radical change for a gas- and carbon-free Europe\",\"datePublished\":\"2023-06-15T00:18:31+00:00\",\"dateModified\":\"2024-01-13T22:02:36+00:00\",\"mainEntityOfPage\":{\"@id\":\"https:\\\/\\\/zackmwekassa.org\\\/en\\\/the-european-green-deal-radical-change-for-a-gas-and-carbon-free-europe\\\/\"},\"wordCount\":598,\"commentCount\":0,\"publisher\":{\"@id\":\"https:\\\/\\\/zackmwekassa.org\\\/#organization\"},\"image\":{\"@id\":\"https:\\\/\\\/zackmwekassa.org\\\/en\\\/the-european-green-deal-radical-change-for-a-gas-and-carbon-free-europe\\\/#primaryimage\"},\"thumbnailUrl\":\"https:\\\/\\\/zackmwekassa.org\\\/wp-content\\\/uploads\\\/2023\\\/06\\\/maxresdefault-6.jpg\",\"keywords\":[\"Europe\",\"green deal\"],\"articleSection\":[\"By Zack\",\"Geo-politics\"],\"inLanguage\":\"en-US\",\"potentialAction\":[{\"@type\":\"CommentAction\",\"name\":\"Comment\",\"target\":[\"https:\\\/\\\/zackmwekassa.org\\\/en\\\/the-european-green-deal-radical-change-for-a-gas-and-carbon-free-europe\\\/#respond\"]}]},{\"@type\":\"WebPage\",\"@id\":\"https:\\\/\\\/zackmwekassa.org\\\/en\\\/the-european-green-deal-radical-change-for-a-gas-and-carbon-free-europe\\\/\",\"url\":\"https:\\\/\\\/zackmwekassa.org\\\/en\\\/the-european-green-deal-radical-change-for-a-gas-and-carbon-free-europe\\\/\",\"name\":\"The European Green Deal: Radical change for a gas- and carbon-free Europe - Zack Mwekassa\",\"isPartOf\":{\"@id\":\"https:\\\/\\\/zackmwekassa.org\\\/#website\"},\"primaryImageOfPage\":{\"@id\":\"https:\\\/\\\/zackmwekassa.org\\\/en\\\/the-european-green-deal-radical-change-for-a-gas-and-carbon-free-europe\\\/#primaryimage\"},\"image\":{\"@id\":\"https:\\\/\\\/zackmwekassa.org\\\/en\\\/the-european-green-deal-radical-change-for-a-gas-and-carbon-free-europe\\\/#primaryimage\"},\"thumbnailUrl\":\"https:\\\/\\\/zackmwekassa.org\\\/wp-content\\\/uploads\\\/2023\\\/06\\\/maxresdefault-6.jpg\",\"datePublished\":\"2023-06-15T00:18:31+00:00\",\"dateModified\":\"2024-01-13T22:02:36+00:00\",\"description\":\"The Green Deal has just been signed. The aim is to create a gas- and carbon-free Europe, using renewable energies.\",\"breadcrumb\":{\"@id\":\"https:\\\/\\\/zackmwekassa.org\\\/en\\\/the-european-green-deal-radical-change-for-a-gas-and-carbon-free-europe\\\/#breadcrumb\"},\"inLanguage\":\"en-US\",\"potentialAction\":[{\"@type\":\"ReadAction\",\"target\":[\"https:\\\/\\\/zackmwekassa.org\\\/en\\\/the-european-green-deal-radical-change-for-a-gas-and-carbon-free-europe\\\/\"]}]},{\"@type\":\"ImageObject\",\"inLanguage\":\"en-US\",\"@id\":\"https:\\\/\\\/zackmwekassa.org\\\/en\\\/the-european-green-deal-radical-change-for-a-gas-and-carbon-free-europe\\\/#primaryimage\",\"url\":\"https:\\\/\\\/zackmwekassa.org\\\/wp-content\\\/uploads\\\/2023\\\/06\\\/maxresdefault-6.jpg\",\"contentUrl\":\"https:\\\/\\\/zackmwekassa.org\\\/wp-content\\\/uploads\\\/2023\\\/06\\\/maxresdefault-6.jpg\",\"width\":1280,\"height\":720,\"caption\":\"Le green Deal est sign\u00e9!\"},{\"@type\":\"BreadcrumbList\",\"@id\":\"https:\\\/\\\/zackmwekassa.org\\\/en\\\/the-european-green-deal-radical-change-for-a-gas-and-carbon-free-europe\\\/#breadcrumb\",\"itemListElement\":[{\"@type\":\"ListItem\",\"position\":1,\"name\":\"Accueil\",\"item\":\"https:\\\/\\\/zackmwekassa.org\\\/en\\\/\"},{\"@type\":\"ListItem\",\"position\":2,\"name\":\"The European Green Deal: Radical change for a gas- and carbon-free Europe\"}]},{\"@type\":\"WebSite\",\"@id\":\"https:\\\/\\\/zackmwekassa.org\\\/#website\",\"url\":\"https:\\\/\\\/zackmwekassa.org\\\/\",\"name\":\"Zack Mwekassa\",\"description\":\"Le guerrier noir, votre fr\u00e8re !\",\"publisher\":{\"@id\":\"https:\\\/\\\/zackmwekassa.org\\\/#organization\"},\"potentialAction\":[{\"@type\":\"SearchAction\",\"target\":{\"@type\":\"EntryPoint\",\"urlTemplate\":\"https:\\\/\\\/zackmwekassa.org\\\/?s={search_term_string}\"},\"query-input\":{\"@type\":\"PropertyValueSpecification\",\"valueRequired\":true,\"valueName\":\"search_term_string\"}}],\"inLanguage\":\"en-US\"},{\"@type\":[\"Organization\",\"Place\"],\"@id\":\"https:\\\/\\\/zackmwekassa.org\\\/#organization\",\"name\":\"Zack Mwekassa\",\"url\":\"https:\\\/\\\/zackmwekassa.org\\\/\",\"logo\":{\"@id\":\"https:\\\/\\\/zackmwekassa.org\\\/en\\\/the-european-green-deal-radical-change-for-a-gas-and-carbon-free-europe\\\/#local-main-organization-logo\"},\"image\":{\"@id\":\"https:\\\/\\\/zackmwekassa.org\\\/en\\\/the-european-green-deal-radical-change-for-a-gas-and-carbon-free-europe\\\/#local-main-organization-logo\"},\"telephone\":[],\"openingHoursSpecification\":[{\"@type\":\"OpeningHoursSpecification\",\"dayOfWeek\":[\"Monday\",\"Tuesday\",\"Wednesday\",\"Thursday\",\"Friday\",\"Saturday\",\"Sunday\"],\"opens\":\"09:00\",\"closes\":\"17:00\"}]},{\"@type\":\"Person\",\"@id\":\"https:\\\/\\\/zackmwekassa.org\\\/#\\\/schema\\\/person\\\/16020c21d5718ee21c6580fe71b5ad9f\",\"name\":\"Reports\",\"image\":{\"@type\":\"ImageObject\",\"inLanguage\":\"en-US\",\"@id\":\"https:\\\/\\\/secure.gravatar.com\\\/avatar\\\/9ffa1dfb2a3e36f2dee2ea1639176308c4cfdfe65f9422051ff3e19478b65d54?s=96&d=mm&r=g\",\"url\":\"https:\\\/\\\/secure.gravatar.com\\\/avatar\\\/9ffa1dfb2a3e36f2dee2ea1639176308c4cfdfe65f9422051ff3e19478b65d54?s=96&d=mm&r=g\",\"contentUrl\":\"https:\\\/\\\/secure.gravatar.com\\\/avatar\\\/9ffa1dfb2a3e36f2dee2ea1639176308c4cfdfe65f9422051ff3e19478b65d54?s=96&d=mm&r=g\",\"caption\":\"Reports\"},\"description\":\"D\u00e9couvrez le passionnant monde des articles pr\u00e9sent\u00e9s par Zack Mwekassa, une figure embl\u00e9matique de la boxe et du kickboxing ! Plongez-vous dans un univers captivant o\u00f9 chaque texte est une fen\u00eatre ouverte sur des sujets vari\u00e9s, allant de la g\u00e9opolitique africaine aux questions de vie et de soci\u00e9t\u00e9.\",\"sameAs\":[\"https:\\\/\\\/www.facebook.com\\\/zackmwekassa0\",\"https:\\\/\\\/www.instagram.com\\\/zackmwekassa0\",\"https:\\\/\\\/x.com\\\/https:\\\/\\\/www.twitter.com\\\/zackmwekassa0\",\"https:\\\/\\\/www.youtube.com\\\/@zackmwekassamotivation4525\",\"https:\\\/\\\/en.wikipedia.org\\\/wiki\\\/Zack_Mwekassa\"],\"gender\":\"homme\",\"award\":[\"Champion Kick Boxing\"],\"knowsAbout\":[\"Investissement\"],\"knowsLanguage\":[\"Fran\u00e7ais\",\"Anglais\",\"Congo\"],\"url\":\"https:\\\/\\\/zackmwekassa.org\\\/en\\\/author\\\/reports\\\/\"},{\"@type\":\"ImageObject\",\"inLanguage\":\"en-US\",\"@id\":\"https:\\\/\\\/zackmwekassa.org\\\/en\\\/the-european-green-deal-radical-change-for-a-gas-and-carbon-free-europe\\\/#local-main-organization-logo\",\"url\":\"https:\\\/\\\/zackmwekassa.org\\\/wp-content\\\/uploads\\\/2023\\\/06\\\/cropped-zack-mwekassa-icon.png\",\"contentUrl\":\"https:\\\/\\\/zackmwekassa.org\\\/wp-content\\\/uploads\\\/2023\\\/06\\\/cropped-zack-mwekassa-icon.png\",\"width\":1920,\"height\":652,\"caption\":\"Zack Mwekassa\"}]}<\/script>\n<!-- \/ Yoast SEO Premium plugin. -->","yoast_head_json":{"title":"The European Green Deal: Radical change for a gas- and carbon-free Europe - Zack Mwekassa","description":"The Green Deal has just been signed. The aim is to create a gas- and carbon-free Europe, using renewable energies.","robots":{"index":"index","follow":"follow","max-snippet":"max-snippet:-1","max-image-preview":"max-image-preview:large","max-video-preview":"max-video-preview:-1"},"canonical":"https:\/\/zackmwekassa.org\/en\/the-european-green-deal-radical-change-for-a-gas-and-carbon-free-europe\/","og_locale":"en_US","og_type":"article","og_title":"The European Green Deal: Radical change for a gas- and carbon-free Europe","og_description":"The Green Deal has just been signed. The aim is to create a gas- and carbon-free Europe, using renewable energies.","og_url":"https:\/\/zackmwekassa.org\/en\/the-european-green-deal-radical-change-for-a-gas-and-carbon-free-europe\/","og_site_name":"Zack Mwekassa","article_author":"https:\/\/www.facebook.com\/zackmwekassa0","article_published_time":"2023-06-15T00:18:31+00:00","article_modified_time":"2024-01-13T22:02:36+00:00","og_image":[{"url":"https:\/\/zackmwekassa.org\/wp-content\/uploads\/2023\/06\/maxresdefault-6-1024x576.jpg","type":"","width":"","height":""}],"author":"Reports","twitter_card":"summary_large_image","twitter_title":"The European Green Deal: Radical change for a gas- and carbon-free Europe","twitter_description":"The Green Deal has just been signed. The aim is to create a gas- and carbon-free Europe, using renewable energies.","twitter_image":"https:\/\/zackmwekassa.org\/wp-content\/uploads\/2023\/06\/maxresdefault-6-1024x576.jpg","twitter_creator":"@https:\/\/www.twitter.com\/zackmwekassa0","twitter_misc":{"Written by":"Reports","Est. reading time":"3 minutes"},"schema":{"@context":"https:\/\/schema.org","@graph":[{"@type":"Article","@id":"https:\/\/zackmwekassa.org\/en\/the-european-green-deal-radical-change-for-a-gas-and-carbon-free-europe\/#article","isPartOf":{"@id":"https:\/\/zackmwekassa.org\/en\/the-european-green-deal-radical-change-for-a-gas-and-carbon-free-europe\/"},"author":{"name":"Reports","@id":"https:\/\/zackmwekassa.org\/#\/schema\/person\/16020c21d5718ee21c6580fe71b5ad9f"},"headline":"The European Green Deal: Radical change for a gas- and carbon-free Europe","datePublished":"2023-06-15T00:18:31+00:00","dateModified":"2024-01-13T22:02:36+00:00","mainEntityOfPage":{"@id":"https:\/\/zackmwekassa.org\/en\/the-european-green-deal-radical-change-for-a-gas-and-carbon-free-europe\/"},"wordCount":598,"commentCount":0,"publisher":{"@id":"https:\/\/zackmwekassa.org\/#organization"},"image":{"@id":"https:\/\/zackmwekassa.org\/en\/the-european-green-deal-radical-change-for-a-gas-and-carbon-free-europe\/#primaryimage"},"thumbnailUrl":"https:\/\/zackmwekassa.org\/wp-content\/uploads\/2023\/06\/maxresdefault-6.jpg","keywords":["Europe","green deal"],"articleSection":["By Zack","Geo-politics"],"inLanguage":"en-US","potentialAction":[{"@type":"CommentAction","name":"Comment","target":["https:\/\/zackmwekassa.org\/en\/the-european-green-deal-radical-change-for-a-gas-and-carbon-free-europe\/#respond"]}]},{"@type":"WebPage","@id":"https:\/\/zackmwekassa.org\/en\/the-european-green-deal-radical-change-for-a-gas-and-carbon-free-europe\/","url":"https:\/\/zackmwekassa.org\/en\/the-european-green-deal-radical-change-for-a-gas-and-carbon-free-europe\/","name":"The European Green Deal: Radical change for a gas- and carbon-free Europe - Zack Mwekassa","isPartOf":{"@id":"https:\/\/zackmwekassa.org\/#website"},"primaryImageOfPage":{"@id":"https:\/\/zackmwekassa.org\/en\/the-european-green-deal-radical-change-for-a-gas-and-carbon-free-europe\/#primaryimage"},"image":{"@id":"https:\/\/zackmwekassa.org\/en\/the-european-green-deal-radical-change-for-a-gas-and-carbon-free-europe\/#primaryimage"},"thumbnailUrl":"https:\/\/zackmwekassa.org\/wp-content\/uploads\/2023\/06\/maxresdefault-6.jpg","datePublished":"2023-06-15T00:18:31+00:00","dateModified":"2024-01-13T22:02:36+00:00","description":"The Green Deal has just been signed. The aim is to create a gas- and carbon-free Europe, using renewable energies.","breadcrumb":{"@id":"https:\/\/zackmwekassa.org\/en\/the-european-green-deal-radical-change-for-a-gas-and-carbon-free-europe\/#breadcrumb"},"inLanguage":"en-US","potentialAction":[{"@type":"ReadAction","target":["https:\/\/zackmwekassa.org\/en\/the-european-green-deal-radical-change-for-a-gas-and-carbon-free-europe\/"]}]},{"@type":"ImageObject","inLanguage":"en-US","@id":"https:\/\/zackmwekassa.org\/en\/the-european-green-deal-radical-change-for-a-gas-and-carbon-free-europe\/#primaryimage","url":"https:\/\/zackmwekassa.org\/wp-content\/uploads\/2023\/06\/maxresdefault-6.jpg","contentUrl":"https:\/\/zackmwekassa.org\/wp-content\/uploads\/2023\/06\/maxresdefault-6.jpg","width":1280,"height":720,"caption":"Le green Deal est sign\u00e9!"},{"@type":"BreadcrumbList","@id":"https:\/\/zackmwekassa.org\/en\/the-european-green-deal-radical-change-for-a-gas-and-carbon-free-europe\/#breadcrumb","itemListElement":[{"@type":"ListItem","position":1,"name":"Accueil","item":"https:\/\/zackmwekassa.org\/en\/"},{"@type":"ListItem","position":2,"name":"The European Green Deal: Radical change for a gas- and carbon-free Europe"}]},{"@type":"WebSite","@id":"https:\/\/zackmwekassa.org\/#website","url":"https:\/\/zackmwekassa.org\/","name":"Zack Mwekassa","description":"Le guerrier noir, votre fr\u00e8re !","publisher":{"@id":"https:\/\/zackmwekassa.org\/#organization"},"potentialAction":[{"@type":"SearchAction","target":{"@type":"EntryPoint","urlTemplate":"https:\/\/zackmwekassa.org\/?s={search_term_string}"},"query-input":{"@type":"PropertyValueSpecification","valueRequired":true,"valueName":"search_term_string"}}],"inLanguage":"en-US"},{"@type":["Organization","Place"],"@id":"https:\/\/zackmwekassa.org\/#organization","name":"Zack Mwekassa","url":"https:\/\/zackmwekassa.org\/","logo":{"@id":"https:\/\/zackmwekassa.org\/en\/the-european-green-deal-radical-change-for-a-gas-and-carbon-free-europe\/#local-main-organization-logo"},"image":{"@id":"https:\/\/zackmwekassa.org\/en\/the-european-green-deal-radical-change-for-a-gas-and-carbon-free-europe\/#local-main-organization-logo"},"telephone":[],"openingHoursSpecification":[{"@type":"OpeningHoursSpecification","dayOfWeek":["Monday","Tuesday","Wednesday","Thursday","Friday","Saturday","Sunday"],"opens":"09:00","closes":"17:00"}]},{"@type":"Person","@id":"https:\/\/zackmwekassa.org\/#\/schema\/person\/16020c21d5718ee21c6580fe71b5ad9f","name":"Reports","image":{"@type":"ImageObject","inLanguage":"en-US","@id":"https:\/\/secure.gravatar.com\/avatar\/9ffa1dfb2a3e36f2dee2ea1639176308c4cfdfe65f9422051ff3e19478b65d54?s=96&d=mm&r=g","url":"https:\/\/secure.gravatar.com\/avatar\/9ffa1dfb2a3e36f2dee2ea1639176308c4cfdfe65f9422051ff3e19478b65d54?s=96&d=mm&r=g","contentUrl":"https:\/\/secure.gravatar.com\/avatar\/9ffa1dfb2a3e36f2dee2ea1639176308c4cfdfe65f9422051ff3e19478b65d54?s=96&d=mm&r=g","caption":"Reports"},"description":"D\u00e9couvrez le passionnant monde des articles pr\u00e9sent\u00e9s par Zack Mwekassa, une figure embl\u00e9matique de la boxe et du kickboxing ! Plongez-vous dans un univers captivant o\u00f9 chaque texte est une fen\u00eatre ouverte sur des sujets vari\u00e9s, allant de la g\u00e9opolitique africaine aux questions de vie et de soci\u00e9t\u00e9.","sameAs":["https:\/\/www.facebook.com\/zackmwekassa0","https:\/\/www.instagram.com\/zackmwekassa0","https:\/\/x.com\/https:\/\/www.twitter.com\/zackmwekassa0","https:\/\/www.youtube.com\/@zackmwekassamotivation4525","https:\/\/en.wikipedia.org\/wiki\/Zack_Mwekassa"],"gender":"homme","award":["Champion Kick Boxing"],"knowsAbout":["Investissement"],"knowsLanguage":["Fran\u00e7ais","Anglais","Congo"],"url":"https:\/\/zackmwekassa.org\/en\/author\/reports\/"},{"@type":"ImageObject","inLanguage":"en-US","@id":"https:\/\/zackmwekassa.org\/en\/the-european-green-deal-radical-change-for-a-gas-and-carbon-free-europe\/#local-main-organization-logo","url":"https:\/\/zackmwekassa.org\/wp-content\/uploads\/2023\/06\/cropped-zack-mwekassa-icon.png","contentUrl":"https:\/\/zackmwekassa.org\/wp-content\/uploads\/2023\/06\/cropped-zack-mwekassa-icon.png","width":1920,"height":652,"caption":"Zack Mwekassa"}]}},"jetpack_featured_media_url":"https:\/\/zackmwekassa.org\/wp-content\/uploads\/2023\/06\/maxresdefault-6.jpg","jetpack_sharing_enabled":true,"_links":{"self":[{"href":"https:\/\/zackmwekassa.org\/en\/wp-json\/wp\/v2\/posts\/5823","targetHints":{"allow":["GET"]}}],"collection":[{"href":"https:\/\/zackmwekassa.org\/en\/wp-json\/wp\/v2\/posts"}],"about":[{"href":"https:\/\/zackmwekassa.org\/en\/wp-json\/wp\/v2\/types\/post"}],"author":[{"embeddable":true,"href":"https:\/\/zackmwekassa.org\/en\/wp-json\/wp\/v2\/users\/2"}],"replies":[{"embeddable":true,"href":"https:\/\/zackmwekassa.org\/en\/wp-json\/wp\/v2\/comments?post=5823"}],"version-history":[{"count":1,"href":"https:\/\/zackmwekassa.org\/en\/wp-json\/wp\/v2\/posts\/5823\/revisions"}],"predecessor-version":[{"id":5859,"href":"https:\/\/zackmwekassa.org\/en\/wp-json\/wp\/v2\/posts\/5823\/revisions\/5859"}],"wp:featuredmedia":[{"embeddable":true,"href":"https:\/\/zackmwekassa.org\/en\/wp-json\/wp\/v2\/media\/4563"}],"wp:attachment":[{"href":"https:\/\/zackmwekassa.org\/en\/wp-json\/wp\/v2\/media?parent=5823"}],"wp:term":[{"taxonomy":"category","embeddable":true,"href":"https:\/\/zackmwekassa.org\/en\/wp-json\/wp\/v2\/categories?post=5823"},{"taxonomy":"post_tag","embeddable":true,"href":"https:\/\/zackmwekassa.org\/en\/wp-json\/wp\/v2\/tags?post=5823"}],"curies":[{"name":"wp","href":"https:\/\/api.w.org\/{rel}","templated":true}]}}